{"id":98689,"date":"2025-09-30T13:18:06","date_gmt":"2025-09-30T19:18:06","guid":{"rendered":"https:\/\/estado29.mx\/?p=98689"},"modified":"2025-09-30T13:18:07","modified_gmt":"2025-09-30T19:18:07","slug":"reforzaran-acciones-para-mejorar-alumbrado-publico-en-huamantla","status":"publish","type":"post","link":"https:\/\/estado29.mx\/?p=98689","title":{"rendered":"Reforzar\u00e1n acciones para mejorar alumbrado p\u00fablico en Huamantla."},"content":{"rendered":"\n<p>Paco Ugarte.<\/p>\n\n\n\n<p>El coordinador de Servicios Municipales de Huamantla, Andr\u00e9s Carmona L\u00f3pez, dio a conocer que actualmente se trabaja a marchas forzadas para mejorar el alumbrado p\u00fablico en el pueblo m\u00e1gico y sus comunidades.&nbsp;<\/p>\n\n\n\n<p>Se\u00f1al\u00f3 que durante agosto se disminuyeron los trabajos en atenci\u00f3n pues con la feria de Huamantla, la atenci\u00f3n fue enfocaba en la plaza de toros, recinto ferial, Bas\u00edlica de la Caridad, Z\u00f3calo y otros espacios de gran relevancia para propios y visitantes.&nbsp;<\/p>\n\n\n\n<p>Carmona L\u00f3pez, puntualiz\u00f3 que se atienden los reportes en la cabecera municipal, en tanto los presidentes de comunidad son en enlace para que la mejora de luminarias.<\/p>\n\n\n\n<p>Tambi\u00e9n reconoci\u00f3 el apoyo de los ciudadanos quienes acuden a las oficinas de la Coordinaci\u00f3n de Servicios Municipales para realizar cambios de luminarias, sin embargo, exhorto agregar ubicaci\u00f3n exacta, para no errar en la atenci\u00f3n del reporte.&nbsp;<\/p>\n","protected":false},"excerpt":{"rendered":"<p>Paco Ugarte. El coordinador de Servicios Municipales de Huamantla, Andr\u00e9s Carmona L\u00f3pez, dio a conocer que actualmente se trabaja a marchas forzadas para mejorar el alumbrado p\u00fablico en el pueblo m\u00e1gico y sus comunidades.&nbsp; Se\u00f1al\u00f3 que durante agosto se disminuyeron los trabajos en atenci\u00f3n pues con la feria de Huamantla, la atenci\u00f3n fue enfocaba en [&hellip;]<\/p>\n","protected":false},"author":5,"featured_media":98690,"comment_status":"open","ping_status":"open","sticky":false,"template":"","format":"standard","meta":{"om_disable_all_campaigns":false,"_monsterinsights_skip_tracking":false,"_monsterinsights_sitenote_active":false,"_monsterinsights_sitenote_note":"","_monsterinsights_sitenote_category":0,"jnews-multi-image_gallery":[],"jnews_single_post":{"format":"standard"},"jnews_primary_category":[],"footnotes":""},"categories":[1],"tags":[],"class_list":["post-98689","post","type-post","status-publish","format-standard","has-post-thumbnail","hentry","category-uncategorized"],"aioseo_notices":[],"_links":{"self":[{"href":"https:\/\/estado29.mx\/index.php?rest_route=\/wp\/v2\/posts\/98689","targetHints":{"allow":["GET"]}}],"collection":[{"href":"https:\/\/estado29.mx\/index.php?rest_route=\/wp\/v2\/posts"}],"about":[{"href":"https:\/\/estado29.mx\/index.php?rest_route=\/wp\/v2\/types\/post"}],"author":[{"embeddable":true,"href":"https:\/\/estado29.mx\/index.php?rest_route=\/wp\/v2\/users\/5"}],"replies":[{"embeddable":true,"href":"https:\/\/estado29.mx\/index.php?rest_route=%2Fwp%2Fv2%2Fcomments&post=98689"}],"version-history":[{"count":1,"href":"https:\/\/estado29.mx\/index.php?rest_route=\/wp\/v2\/posts\/98689\/revisions"}],"predecessor-version":[{"id":98691,"href":"https:\/\/estado29.mx\/index.php?rest_route=\/wp\/v2\/posts\/98689\/revisions\/98691"}],"wp:featuredmedia":[{"embeddable":true,"href":"https:\/\/estado29.mx\/index.php?rest_route=\/wp\/v2\/media\/98690"}],"wp:attachment":[{"href":"https:\/\/estado29.mx\/index.php?rest_route=%2Fwp%2Fv2%2Fmedia&parent=98689"}],"wp:term":[{"taxonomy":"category","embeddable":true,"href":"https:\/\/estado29.mx\/index.php?rest_route=%2Fwp%2Fv2%2Fcategories&post=98689"},{"taxonomy":"post_tag","embeddable":true,"href":"https:\/\/estado29.mx\/index.php?rest_route=%2Fwp%2Fv2%2Ftags&post=98689"}],"curies":[{"name":"wp","href":"https:\/\/api.w.org\/{rel}","templated":true}]}}