{"id":98702,"date":"2025-10-02T15:04:23","date_gmt":"2025-10-02T21:04:23","guid":{"rendered":"https:\/\/estado29.mx\/?p=98702"},"modified":"2025-10-02T15:04:24","modified_gmt":"2025-10-02T21:04:24","slug":"se-reforzara-seguridad-durante-feria-en-la-comunidad-de-ignacio-zaragoza","status":"publish","type":"post","link":"https:\/\/estado29.mx\/?p=98702","title":{"rendered":"Se reforzar\u00e1 seguridad durante feria en la comunidad de Ignacio Zaragoza."},"content":{"rendered":"\n<p>Paco Ugarte.<\/p>\n\n\n\n<p>Emmanuel Mart\u00ednez Luna, Presidente de la Comunidad de Ignacio Zaragoza, dio a conocer que se tienen preparado para la festividad anual en honor a San Francisco de As\u00eds, una serie de actividades deportivas, culturales y sociales.<\/p>\n\n\n\n<p>Puntualiz\u00f3 que a pesar de que ser\u00e1 una feria corta a comparaci\u00f3n de otros a\u00f1os, por las fechas, expuso que desde este viernes 3 de octubre, se realizar\u00e1 la inauguraci\u00f3n coronaci\u00f3n de la Reina de feria.<\/p>\n\n\n\n<p>El s\u00e1bado, se efectuar\u00e1 la festividad en honor a San Francisco de As\u00eds, donde se confeccionar\u00e1n tapetes por toda la comunidad y para el pr\u00f3ximo domingo una serie de actividades en el auditorio de la comunidad y por la noche la presentaci\u00f3n estelar del Grupo Niche.<\/p>\n\n\n\n<p>Mart\u00ednez Luna, se\u00f1al\u00f3 que en colaboraci\u00f3n con la polic\u00eda de Huamantla se tendr\u00e1 presencia durante todos los eventos para garantizar la tranquilidad de quienes acuden y lograr disfrutar de una feria 100% familiar.<\/p>\n\n\n\n<p>Finalmente hizo el llamado a los vecinos a vivir con tranquilidad y en orden esta feria anual para demostrar que Zaragoza es m\u00e1s que ri\u00f1as y problemas, recordando permisos de bailes sonideros y vaquillas est\u00e1n prohibidos en la vida p\u00fablica.<\/p>\n","protected":false},"excerpt":{"rendered":"<p>Paco Ugarte. Emmanuel Mart\u00ednez Luna, Presidente de la Comunidad de Ignacio Zaragoza, dio a conocer que se tienen preparado para la festividad anual en honor a San Francisco de As\u00eds, una serie de actividades deportivas, culturales y sociales. Puntualiz\u00f3 que a pesar de que ser\u00e1 una feria corta a comparaci\u00f3n de otros a\u00f1os, por las [&hellip;]<\/p>\n","protected":false},"author":5,"featured_media":98704,"comment_status":"open","ping_status":"open","sticky":false,"template":"","format":"standard","meta":{"om_disable_all_campaigns":false,"_monsterinsights_skip_tracking":false,"_monsterinsights_sitenote_active":false,"_monsterinsights_sitenote_note":"","_monsterinsights_sitenote_category":0,"jnews-multi-image_gallery":[],"jnews_single_post":{"format":"standard"},"jnews_primary_category":[],"footnotes":""},"categories":[1],"tags":[],"class_list":["post-98702","post","type-post","status-publish","format-standard","has-post-thumbnail","hentry","category-uncategorized"],"aioseo_notices":[],"_links":{"self":[{"href":"https:\/\/estado29.mx\/index.php?rest_route=\/wp\/v2\/posts\/98702","targetHints":{"allow":["GET"]}}],"collection":[{"href":"https:\/\/estado29.mx\/index.php?rest_route=\/wp\/v2\/posts"}],"about":[{"href":"https:\/\/estado29.mx\/index.php?rest_route=\/wp\/v2\/types\/post"}],"author":[{"embeddable":true,"href":"https:\/\/estado29.mx\/index.php?rest_route=\/wp\/v2\/users\/5"}],"replies":[{"embeddable":true,"href":"https:\/\/estado29.mx\/index.php?rest_route=%2Fwp%2Fv2%2Fcomments&post=98702"}],"version-history":[{"count":1,"href":"https:\/\/estado29.mx\/index.php?rest_route=\/wp\/v2\/posts\/98702\/revisions"}],"predecessor-version":[{"id":98703,"href":"https:\/\/estado29.mx\/index.php?rest_route=\/wp\/v2\/posts\/98702\/revisions\/98703"}],"wp:featuredmedia":[{"embeddable":true,"href":"https:\/\/estado29.mx\/index.php?rest_route=\/wp\/v2\/media\/98704"}],"wp:attachment":[{"href":"https:\/\/estado29.mx\/index.php?rest_route=%2Fwp%2Fv2%2Fmedia&parent=98702"}],"wp:term":[{"taxonomy":"category","embeddable":true,"href":"https:\/\/estado29.mx\/index.php?rest_route=%2Fwp%2Fv2%2Fcategories&post=98702"},{"taxonomy":"post_tag","embeddable":true,"href":"https:\/\/estado29.mx\/index.php?rest_route=%2Fwp%2Fv2%2Ftags&post=98702"}],"curies":[{"name":"wp","href":"https:\/\/api.w.org\/{rel}","templated":true}]}}