{"id":98714,"date":"2025-10-03T12:26:58","date_gmt":"2025-10-03T18:26:58","guid":{"rendered":"https:\/\/estado29.mx\/?p=98714"},"modified":"2025-10-03T12:26:59","modified_gmt":"2025-10-03T18:26:59","slug":"peregrinos-sufren-4ccid3nt3-en-huamantla-uno-pierde-la-vida-y-8-resultan-lesionados","status":"publish","type":"post","link":"https:\/\/estado29.mx\/?p=98714","title":{"rendered":"Peregrinos sufren 4ccid3nt3 en Huamantla, uno pierde la vida y 8 resultan lesionados."},"content":{"rendered":"\n<p>Paco Ugarte.<\/p>\n\n\n\n<p>Un tr\u00e1gico hecho marc\u00f3 la ma\u00f1ana de este viernes tras registrarse un accidente automovil\u00edstico sobre la carretera M\u00e9xico Veracruz a la altura de la comunidad de Cuauht\u00e9moc perteneciente al municipio de Huamantla.<\/p>\n\n\n\n<p>En el desafortunado incidente participaron dos unidades pesadas un tr\u00e1iler acoplado con una caja seca y un tractocami\u00f3n que en donde viajaban peregrinos provenientes de la localidad de Chalma ubicada en el Estado de M\u00e9xico y se dirig\u00edan a su lugar de origen Francisco I Madero, Chilchotla Puebla.<\/p>\n\n\n\n<p>Desafortunadamente un peregrino perdi\u00f3 la vida y 8 m\u00e1s resultaron lesionados quienes fueron trasladados al hospital general IMSS Bienestar de Huamantla para su atenci\u00f3n m\u00e9dica.<\/p>\n\n\n\n<p>En tanto, la zona fue acordonada en espera de la Fiscal\u00eda General de Justicia del Estado de Tlaxcala (FGJE) as\u00ed como personal del Instituto de Ciencias Forenses (INCIFO) quienes se encargar\u00e1n de ejecutar las diligencias que marca la ley.<\/p>\n\n\n\n<p>Es importante se\u00f1alar que la circulaci\u00f3n se mantiene totalmente detenida con sentido a Huamantla por lo que se espera sea reabierta dentro de 2 horas aproximadamente.<\/p>\n\n\n\n<p>En apoyo participaron param\u00e9dicos de distintas corporaciones de municipios como Huamantla, Ixtenco, Xalotztoc entre otras, as\u00ed como cuerpos de seguridad del pueblo m\u00e1gico, Guardia Nacional, Secretar\u00eda de Seguridad Cuidadana y Bomberos<\/p>\n","protected":false},"excerpt":{"rendered":"<p>Paco Ugarte. Un tr\u00e1gico hecho marc\u00f3 la ma\u00f1ana de este viernes tras registrarse un accidente automovil\u00edstico sobre la carretera M\u00e9xico Veracruz a la altura de la comunidad de Cuauht\u00e9moc perteneciente al municipio de Huamantla. En el desafortunado incidente participaron dos unidades pesadas un tr\u00e1iler acoplado con una caja seca y un tractocami\u00f3n que en donde [&hellip;]<\/p>\n","protected":false},"author":5,"featured_media":98715,"comment_status":"open","ping_status":"open","sticky":false,"template":"","format":"standard","meta":{"om_disable_all_campaigns":false,"_monsterinsights_skip_tracking":false,"_monsterinsights_sitenote_active":false,"_monsterinsights_sitenote_note":"","_monsterinsights_sitenote_category":0,"jnews-multi-image_gallery":[],"jnews_single_post":{"format":"standard"},"jnews_primary_category":[],"footnotes":""},"categories":[1],"tags":[],"class_list":["post-98714","post","type-post","status-publish","format-standard","has-post-thumbnail","hentry","category-uncategorized"],"aioseo_notices":[],"_links":{"self":[{"href":"https:\/\/estado29.mx\/index.php?rest_route=\/wp\/v2\/posts\/98714","targetHints":{"allow":["GET"]}}],"collection":[{"href":"https:\/\/estado29.mx\/index.php?rest_route=\/wp\/v2\/posts"}],"about":[{"href":"https:\/\/estado29.mx\/index.php?rest_route=\/wp\/v2\/types\/post"}],"author":[{"embeddable":true,"href":"https:\/\/estado29.mx\/index.php?rest_route=\/wp\/v2\/users\/5"}],"replies":[{"embeddable":true,"href":"https:\/\/estado29.mx\/index.php?rest_route=%2Fwp%2Fv2%2Fcomments&post=98714"}],"version-history":[{"count":1,"href":"https:\/\/estado29.mx\/index.php?rest_route=\/wp\/v2\/posts\/98714\/revisions"}],"predecessor-version":[{"id":98716,"href":"https:\/\/estado29.mx\/index.php?rest_route=\/wp\/v2\/posts\/98714\/revisions\/98716"}],"wp:featuredmedia":[{"embeddable":true,"href":"https:\/\/estado29.mx\/index.php?rest_route=\/wp\/v2\/media\/98715"}],"wp:attachment":[{"href":"https:\/\/estado29.mx\/index.php?rest_route=%2Fwp%2Fv2%2Fmedia&parent=98714"}],"wp:term":[{"taxonomy":"category","embeddable":true,"href":"https:\/\/estado29.mx\/index.php?rest_route=%2Fwp%2Fv2%2Fcategories&post=98714"},{"taxonomy":"post_tag","embeddable":true,"href":"https:\/\/estado29.mx\/index.php?rest_route=%2Fwp%2Fv2%2Ftags&post=98714"}],"curies":[{"name":"wp","href":"https:\/\/api.w.org\/{rel}","templated":true}]}}