{"id":98720,"date":"2025-10-06T07:17:52","date_gmt":"2025-10-06T13:17:52","guid":{"rendered":"https:\/\/estado29.mx\/?p=98720"},"modified":"2025-10-06T07:17:54","modified_gmt":"2025-10-06T13:17:54","slug":"mas-de-3-mil-corredores-celebraron-los-500-anos-de-la-ciudad-con-el-medio-maraton-internacional-tlaxcallan","status":"publish","type":"post","link":"https:\/\/estado29.mx\/?p=98720","title":{"rendered":"M\u00e1s de 3 mil corredores celebraron los 500 a\u00f1os de la ciudad, con el medio marat\u00f3n internacional tlaxcallan"},"content":{"rendered":"\n<p><\/p>\n\n\n\n<p>\u2022&nbsp;&nbsp;&nbsp;&nbsp;&nbsp;&nbsp;&nbsp;&nbsp;&nbsp; Ganaron el premio, en la categor\u00eda \u201cMejor Tlaxcalteca\u201d, los corredores Elisa Hern\u00e1ndez S\u00e1nchez y Emanuel Nava \u00c1guila<\/p>\n\n\n\n<p>Con la participaci\u00f3n de m\u00e1s de tres mil atletas, se realiz\u00f3 el Medio Marat\u00f3n Internacional Tlaxcallan 500 a\u00f1os y las carreras de 5 y 10K, en el marco de la conmemoraci\u00f3n de los 500 A\u00f1os de la Fundaci\u00f3n de Tlaxcala, donde familias y atletas profesionales y recreativos, as\u00ed como espectadores, disfrutaron de la fiesta anual deportiva.<\/p>\n\n\n\n<p>En un ambiente de alegr\u00eda y adrenalina, el banderazo de salida estuvo encabezado por el director del Instituto del Deporte de Tlaxcala (IDET), Daniel Moncayo Cervantes, el secretario de Turismo del estado, Fabricio Mena Rodr\u00edguez, as\u00ed como representantes del Ej\u00e9rcito y de la Secretar\u00eda de Marina.<\/p>\n\n\n\n<p>Los participantes coincidieron que la ruta fue desafiante por las pendientes prolongadas que present\u00f3 en algunos tramos, como en el Libramiento Polit\u00e9cnico Nacional.<\/p>\n\n\n\n<p>Como parte de la premiaci\u00f3n se reconoci\u00f3 a los mejores tlaxcaltecas en la carrera: Elisa Hern\u00e1ndez S\u00e1nchez y Emanuel Nava \u00c1guila.<\/p>\n\n\n\n<p>En la categor\u00eda ciegos y d\u00e9biles visuales, rama femenil, el segundo lugar fue para Georgina L\u00f3pez Ortiz, y en primer lugar para Ang\u00e9lica Haydee Granados Flores; en el 21K libre, femenil, por el tercer, segundo y primer lugar, Alejandra Rodr\u00edguez Machorro, Vianey de la Rosa Rojas y Elisa Hern\u00e1ndez S\u00e1nchez, respectivamente.<\/p>\n\n\n\n<p>En 21k Master, femenil, en tercer lugar, Monicah Gesare Otwori; en segundo, Perla Edith Cort\u00e9s C\u00e1rdenas, y Sandra L\u00f3pez Reyes en primer puesto. En silla de ruedas, Yeni Aide Hern\u00e1ndez Mendieta. Y en veteranos femenil, Mar\u00eda de los \u00c1ngeles Cruz Salinas, Juana Rojas Cort\u00e9s y Dulce Mar\u00eda Rodr\u00edguez de la Cruz, obtuvieron el tercer, segundo y primer lugar, en tal orden.<\/p>\n\n\n\n<p>En las categor\u00edas varoniles de ciegos y d\u00e9biles visuales, los tres primeros lugares fueron para Ra\u00fal David Flores Torres, en primer lugar; Rubicel Hern\u00e1ndez Garc\u00eda, en segundo, y Rafael Meza Cruz, en tercero, mientras que en 21K libre, por el tercer, segundo y tercer lugar, ganaron Emmanuel Nava \u00c1guila, Dar\u00edo Castro P\u00e9rez y Juan Pablo Espinoza Coronel, respectivamente.<\/p>\n\n\n\n<p>En 21K master, subieron al p\u00f3dium Hugo Romero M\u00e9ndez, Oscar Fernando Cris\u00f3stomo Olivares y Ciro P\u00e9rez Barrag\u00e1n, por el tercer, segundo y primer lugar; en silla de ruedas, el tercer, segundo y primer lugar fueron obtenidos por Mario Farf\u00e1n Ram\u00edrez, Gerardo Ort\u00edz Cuevas y Jos\u00e9 Alan Farias Moreno. En 21K veteranos, en el primer lugar, Tom\u00e1s Luna Dom\u00ednguez; en segundo, Francisco Cruz Posadas, y en tercer puesto, Oscar de Jes\u00fas Contreras.<\/p>\n\n\n\n<p>De esta manera, se llev\u00f3 a cabo la m\u00e1xima fiesta deportiva en la entidad, que a\u00f1o con a\u00f1o, desde el 2022, re\u00fane a los mejores corredores de Tlaxcala, as\u00ed como de otras entidades aleda\u00f1as, e incluso de otros pa\u00edses.<\/p>\n","protected":false},"excerpt":{"rendered":"<p>\u2022&nbsp;&nbsp;&nbsp;&nbsp;&nbsp;&nbsp;&nbsp;&nbsp;&nbsp; Ganaron el premio, en la categor\u00eda \u201cMejor Tlaxcalteca\u201d, los corredores Elisa Hern\u00e1ndez S\u00e1nchez y Emanuel Nava \u00c1guila Con la participaci\u00f3n de m\u00e1s de tres mil atletas, se realiz\u00f3 el Medio Marat\u00f3n Internacional Tlaxcallan 500 a\u00f1os y las carreras de 5 y 10K, en el marco de la conmemoraci\u00f3n de los 500 A\u00f1os de la [&hellip;]<\/p>\n","protected":false},"author":4,"featured_media":98721,"comment_status":"open","ping_status":"open","sticky":false,"template":"","format":"standard","meta":{"om_disable_all_campaigns":false,"_monsterinsights_skip_tracking":false,"_monsterinsights_sitenote_active":false,"_monsterinsights_sitenote_note":"","_monsterinsights_sitenote_category":0,"jnews-multi-image_gallery":[],"jnews_single_post":{"format":"standard"},"jnews_primary_category":[],"footnotes":""},"categories":[1],"tags":[],"class_list":["post-98720","post","type-post","status-publish","format-standard","has-post-thumbnail","hentry","category-uncategorized"],"aioseo_notices":[],"_links":{"self":[{"href":"https:\/\/estado29.mx\/index.php?rest_route=\/wp\/v2\/posts\/98720","targetHints":{"allow":["GET"]}}],"collection":[{"href":"https:\/\/estado29.mx\/index.php?rest_route=\/wp\/v2\/posts"}],"about":[{"href":"https:\/\/estado29.mx\/index.php?rest_route=\/wp\/v2\/types\/post"}],"author":[{"embeddable":true,"href":"https:\/\/estado29.mx\/index.php?rest_route=\/wp\/v2\/users\/4"}],"replies":[{"embeddable":true,"href":"https:\/\/estado29.mx\/index.php?rest_route=%2Fwp%2Fv2%2Fcomments&post=98720"}],"version-history":[{"count":1,"href":"https:\/\/estado29.mx\/index.php?rest_route=\/wp\/v2\/posts\/98720\/revisions"}],"predecessor-version":[{"id":98722,"href":"https:\/\/estado29.mx\/index.php?rest_route=\/wp\/v2\/posts\/98720\/revisions\/98722"}],"wp:featuredmedia":[{"embeddable":true,"href":"https:\/\/estado29.mx\/index.php?rest_route=\/wp\/v2\/media\/98721"}],"wp:attachment":[{"href":"https:\/\/estado29.mx\/index.php?rest_route=%2Fwp%2Fv2%2Fmedia&parent=98720"}],"wp:term":[{"taxonomy":"category","embeddable":true,"href":"https:\/\/estado29.mx\/index.php?rest_route=%2Fwp%2Fv2%2Fcategories&post=98720"},{"taxonomy":"post_tag","embeddable":true,"href":"https:\/\/estado29.mx\/index.php?rest_route=%2Fwp%2Fv2%2Ftags&post=98720"}],"curies":[{"name":"wp","href":"https:\/\/api.w.org\/{rel}","templated":true}]}}