{"id":98723,"date":"2025-10-06T07:20:20","date_gmt":"2025-10-06T13:20:20","guid":{"rendered":"https:\/\/estado29.mx\/?p=98723"},"modified":"2025-10-06T07:20:21","modified_gmt":"2025-10-06T13:20:21","slug":"fotografos-tlaxcaltecas-celebran-legado-historico-con-la-exposicion-tlaxcala-a-500-anos-de-su-fundacion","status":"publish","type":"post","link":"https:\/\/estado29.mx\/?p=98723","title":{"rendered":"Fot\u00f3grafos tlaxcaltecas celebran legado hist\u00f3rico con la exposici\u00f3n &#8220;Tlaxcala a 500 a\u00f1os de su fundaci\u00f3n\u201d"},"content":{"rendered":"\n<p><\/p>\n\n\n\n<p>\u2022&nbsp;&nbsp;&nbsp;&nbsp;&nbsp;&nbsp;&nbsp;&nbsp;&nbsp; A trav\u00e9s de la lente, revelan la herencia cultural y arquitect\u00f3nica del estado, especialmente, con aquellas im\u00e1genes que retratan monumentos preservados a lo largo del tiempo<\/p>\n\n\n\n<p>El Gobierno del Estado de Tlaxcala, a trav\u00e9s de la Secretar\u00eda de Cultura (SC), inaugur\u00f3 la exposici\u00f3n fotogr\u00e1fica temporal &#8220;Tlaxcala a 500 a\u00f1os de su fundaci\u00f3n&#8221;, conformada por 17 im\u00e1genes en gran formato, instaladas en la galer\u00eda al aire libre sobre las rejas del Palacio de Cultura.<\/p>\n\n\n\n<p>Las obras, que capturan la esencia hist\u00f3rica, la riqueza cultural y el legado que han forjado la grandeza de Tlaxcala, son exhibidas al p\u00fablico a partir de este domingo 5 de octubre y hasta el pr\u00f3ximo 5 de diciembre.<\/p>\n\n\n\n<p>En la inauguraci\u00f3n, la coordinadora de actividades del Palacio de Cultura, Isabel Hern\u00e1ndez Dom\u00ednguez, expres\u00f3 la emoci\u00f3n de ver a artistas locales que muestran su talento en un espacio p\u00fablico tan significativo. \u201cA trav\u00e9s de la lente, nos revelan el legado cultural y arquitect\u00f3nico de Tlaxcala, especialmente, en aquellas im\u00e1genes que retratan monumentos preservados a lo largo del tiempo\u201d, coment\u00f3.<\/p>\n\n\n\n<p>En representaci\u00f3n del colectivo Somos Tlaxcaltecas, Rafael Ruiz Ram\u00edrez, agradeci\u00f3 a la Secretar\u00eda de Cultura por abrir estos espacios, y reconoci\u00f3 el talento de los fot\u00f3grafos tlaxcaltecas, especialmente de los j\u00f3venes. Record\u00f3 que, hace seis a\u00f1os, al iniciar el proyecto, el objetivo principal era dar visibilidad al talento local, y hoy es un sue\u00f1o hecho realidad.<\/p>\n\n\n\n<p>\u201cLa exposici\u00f3n marca el inicio de muchas m\u00e1s actividades culturales que se realizar\u00e1n durante el a\u00f1o. Invito a todos los presentes a recorrer la muestra y disfrutar del trabajo preparado con orgullo y dedicaci\u00f3n\u201d, expres\u00f3.<\/p>\n\n\n\n<p>En representaci\u00f3n de la secretaria de Cultura, Karen Villeda, el jefe de Departamento de Difusi\u00f3n Cultural de la SC, Rogelio III Paredes Hidalgo, destac\u00f3 la importancia de convertir los espacios p\u00fablicos en escenarios vivos para el arte y la cultura, accesibles para todos los tlaxcaltecas.<\/p>\n\n\n\n<p>\u201cEn el marco de las actividades por los 500 a\u00f1os, se ha visto una participaci\u00f3n extraordinaria, como la reciente visita de la delegaci\u00f3n de Guatemala, que qued\u00f3 maravillada por la riqueza cultural e hist\u00f3rica del estado\u201d, se\u00f1al\u00f3.<\/p>\n\n\n\n<p>Los artistas visuales compartieron con el p\u00fablico asistente el significado de sus obras, al tiempo que recibieron un reconocimiento por su participaci\u00f3n en la exposici\u00f3n &#8220;Tlaxcala a 500 a\u00f1os de su fundaci\u00f3n&#8221;, otorgado por las autoridades culturales.<\/p>\n\n\n\n<p>Entre los narradores visuales que participan en la galer\u00eda est\u00e1n Luis Emanuel Salas Fern\u00e1ndez, con su imagen titulada \u201cEncuentro entre el cielo y la fe\u201d; Isaac Lozada P\u00e9rez, con \u201cSilencio de campanas\u201d; Nazim Avenda\u00f1o Ramos, con \u201cLa Rep\u00fablica de Tlaxcallan\u201d; Jos\u00e9 Armando G\u00f3mez Aguilar, con \u201cPalacio\u201d; Guillermo Hern\u00e1ndez Bravo, con \u201cTlaxcala en el cielo\u201d; Daniel Olvera Osorno, con \u201cSan Jos\u00e9 de Noche\u201d; y Abril G\u00f3mez Mac\u00edas, con \u201cEl gran guerrero tlaxcalteca\u201d.<\/p>\n\n\n\n<p>Asimismo, Jes\u00fas Lao-Tce Zecua P\u00e9rez, con \u201cA la orilla del r\u00edo\u201d; Edwin Luis Rodr\u00edguez Moreno, con \u201cOrgullo Tlaxcalteca\u201d; Cristian Morales Arellano, con \u201cColores de carnaval\u201d; Iv\u00e1n Hern\u00e1ndez V\u00e1zquez, con \u201cHuellas de una noche veloz\u201d; Selene Netzahual Hern\u00e1ndez, con \u201cPuerta al cielo\u201d; Daniel Olvera Osorno, con \u201cExconvento de San Francisco\u201d; Carlos Lozano Mart\u00ednez, con \u201cJacarandas de Tlaxcala\u201d; Tom\u00e1s de Jes\u00fas Valeriano de la Rosa, con \u201cAqu\u00ed naci\u00f3 M\u00e9xico\u201d; y Joshua Rodr\u00edguez Cuatecontzi, con \u201cEl coraz\u00f3n de la Ciudad\u201d.<\/p>\n","protected":false},"excerpt":{"rendered":"<p>\u2022&nbsp;&nbsp;&nbsp;&nbsp;&nbsp;&nbsp;&nbsp;&nbsp;&nbsp; A trav\u00e9s de la lente, revelan la herencia cultural y arquitect\u00f3nica del estado, especialmente, con aquellas im\u00e1genes que retratan monumentos preservados a lo largo del tiempo El Gobierno del Estado de Tlaxcala, a trav\u00e9s de la Secretar\u00eda de Cultura (SC), inaugur\u00f3 la exposici\u00f3n fotogr\u00e1fica temporal &#8220;Tlaxcala a 500 a\u00f1os de su fundaci\u00f3n&#8221;, conformada por [&hellip;]<\/p>\n","protected":false},"author":4,"featured_media":98724,"comment_status":"open","ping_status":"open","sticky":false,"template":"","format":"standard","meta":{"om_disable_all_campaigns":false,"_monsterinsights_skip_tracking":false,"_monsterinsights_sitenote_active":false,"_monsterinsights_sitenote_note":"","_monsterinsights_sitenote_category":0,"jnews-multi-image_gallery":[],"jnews_single_post":{"format":"standard"},"jnews_primary_category":[],"footnotes":""},"categories":[1],"tags":[],"class_list":["post-98723","post","type-post","status-publish","format-standard","has-post-thumbnail","hentry","category-uncategorized"],"aioseo_notices":[],"_links":{"self":[{"href":"https:\/\/estado29.mx\/index.php?rest_route=\/wp\/v2\/posts\/98723","targetHints":{"allow":["GET"]}}],"collection":[{"href":"https:\/\/estado29.mx\/index.php?rest_route=\/wp\/v2\/posts"}],"about":[{"href":"https:\/\/estado29.mx\/index.php?rest_route=\/wp\/v2\/types\/post"}],"author":[{"embeddable":true,"href":"https:\/\/estado29.mx\/index.php?rest_route=\/wp\/v2\/users\/4"}],"replies":[{"embeddable":true,"href":"https:\/\/estado29.mx\/index.php?rest_route=%2Fwp%2Fv2%2Fcomments&post=98723"}],"version-history":[{"count":1,"href":"https:\/\/estado29.mx\/index.php?rest_route=\/wp\/v2\/posts\/98723\/revisions"}],"predecessor-version":[{"id":98725,"href":"https:\/\/estado29.mx\/index.php?rest_route=\/wp\/v2\/posts\/98723\/revisions\/98725"}],"wp:featuredmedia":[{"embeddable":true,"href":"https:\/\/estado29.mx\/index.php?rest_route=\/wp\/v2\/media\/98724"}],"wp:attachment":[{"href":"https:\/\/estado29.mx\/index.php?rest_route=%2Fwp%2Fv2%2Fmedia&parent=98723"}],"wp:term":[{"taxonomy":"category","embeddable":true,"href":"https:\/\/estado29.mx\/index.php?rest_route=%2Fwp%2Fv2%2Fcategories&post=98723"},{"taxonomy":"post_tag","embeddable":true,"href":"https:\/\/estado29.mx\/index.php?rest_route=%2Fwp%2Fv2%2Ftags&post=98723"}],"curies":[{"name":"wp","href":"https:\/\/api.w.org\/{rel}","templated":true}]}}