{"id":98729,"date":"2025-10-06T07:33:32","date_gmt":"2025-10-06T13:33:32","guid":{"rendered":"https:\/\/estado29.mx\/?p=98729"},"modified":"2025-10-06T07:33:34","modified_gmt":"2025-10-06T13:33:34","slug":"inauguran-torre-de-rectoria-de-la-uatx-simbolo-de-conocimiento-e-innovacion","status":"publish","type":"post","link":"https:\/\/estado29.mx\/?p=98729","title":{"rendered":"Inauguran torre de rector\u00eda de la UATX, s\u00edmbolo de conocimiento e innovaci\u00f3n"},"content":{"rendered":"\n<p><\/p>\n\n\n\n<p>\u2022&nbsp;&nbsp;&nbsp;&nbsp;&nbsp;&nbsp;&nbsp;&nbsp;&nbsp; Considerada la magna obra de la Universidad, la nueva infraestructura coincide con los 500 a\u00f1os de la fundaci\u00f3n de Tlaxcala<\/p>\n\n\n\n<p>La gobernadora Lorena Cu\u00e9llar Cisneros asisti\u00f3 como invitada especial a la entrega de la Torre de Rector\u00eda de la Universidad Aut\u00f3noma de Tlaxcala (UATx) a la comunidad universitaria, donde destac\u00f3 el valor simb\u00f3lico de la nueva infraestructura, al considerarla un edificio emblem\u00e1tico y reflejo del compromiso de la instituci\u00f3n con el conocimiento, la justicia y la equidad social.<\/p>\n\n\n\n<p>Autoridades estatales y universitarias coincidieron en que esta obra marcar\u00e1 un hito al coincidir con los 500 a\u00f1os de la fundaci\u00f3n de la capital.<\/p>\n\n\n\n<p>\u201cMe enorgullece que en Tlaxcala contemos con una universidad que innova y mira al futuro con claridad\u201d, expres\u00f3 la mandataria, tras refrendar su disposici\u00f3n de trabajar de la mano con la m\u00e1xima casa de estudios del estado.<\/p>\n\n\n\n<p>En su mensaje, Cu\u00e9llar Cisneros reiter\u00f3 que la educaci\u00f3n seguir\u00e1 siendo la v\u00eda para consolidar una sociedad m\u00e1s justa, humana e incluyente, y felicit\u00f3 a la UATx por este nuevo logro acad\u00e9mico y social.<\/p>\n\n\n\n<p>\u201cQuiero agradecer a la Universidad Aut\u00f3noma de Tlaxcala por invitarme como testigo de la inauguraci\u00f3n de esta obra que albergar\u00e1 aulas, auditorios y espacios de decisi\u00f3n universitaria\u201d, destac\u00f3.<\/p>\n\n\n\n<p>En su intervenci\u00f3n, el rector de la UATx, Seraf\u00edn Ortiz Ortiz, subray\u00f3 que la culminaci\u00f3n de la Torre de Rector\u00eda es resultado del esfuerzo colectivo de la comunidad universitaria y del respaldo de los tres niveles de gobierno, as\u00ed como del acompa\u00f1amiento del Consejo Universitario y de diversos sectores sociales.<\/p>\n\n\n\n<p>Adelant\u00f3 que el siguiente paso ser\u00e1 el equipamiento del inmueble, a trav\u00e9s de un programa de donativos que permitir\u00e1 consolidar este espacio como un s\u00edmbolo del compromiso de la Universidad con el conocimiento y con la sociedad.<\/p>\n\n\n\n<p>Asimismo, record\u00f3 que la expansi\u00f3n de la instituci\u00f3n se refleja en sus nueve sedes distribuidas en el estado, con infraestructura de aulas, macroauditorios, laboratorios, espacios deportivos y culturales.<\/p>\n\n\n\n<p>\u201cLa Torre de Rector\u00eda, considerada la obra magna de nuestra instituci\u00f3n, por su car\u00e1cter emblem\u00e1tico, sostenible y multidimensional\u201d, afirm\u00f3 Ortiz Ortiz.<\/p>\n\n\n\n<p>Previamente, el diputado local, exgobernador y exrector de la Universidad Aut\u00f3noma de Tlaxcala, H\u00e9ctor Ortiz Ortiz, subray\u00f3 que la entrega de la Torre de Rector\u00eda ocurre en un momento de gran trascendencia hist\u00f3rica para Tlaxcala, pues coincide con el inicio de los eventos conmemorativos por los 500 a\u00f1os de la fundaci\u00f3n de Tlaxcala.<\/p>\n\n\n\n<p>\u201cNo es casualidad que este acto se d\u00e9 en este tiempo hist\u00f3rico. La puesta en marcha del uso de esta torre sintetiza los afanes de la comunidad universitaria para alcanzar mejores niveles de desarrollo, no solo en su infraestructura, sino en el cumplimiento de los objetivos que la sociedad tlaxcalteca le ha conferido a su universidad\u201d, se\u00f1al\u00f3.<\/p>\n\n\n\n<p>Ortiz Ortiz destac\u00f3 el valor arquitect\u00f3nico del edificio, dise\u00f1ado por Arti\u00e1n y Peredo: \u201cEs una obra moderna y funcional que, sin duda, resolver\u00e1 las necesidades de directivos, maestros, investigadores y estudiantes de la universidad, as\u00ed como de quienes se forman en los programas de educaci\u00f3n inicial, licenciatura y posgrado\u201d.<\/p>\n\n\n\n<p>La ceremonia concluy\u00f3 con la develaci\u00f3n de la placa de la Torre de Rector\u00eda \u201cPor la cultura a la Justicia Social\u201d, como emblema del compromiso de la UATx con la sociedad tlaxcalteca.<\/p>\n\n\n\n<p>Al evento asistieron funcionarios estatales, autoridades acad\u00e9micas de la UATx, coordinadores, exrectores, directores, consejeros y comunidad universitaria.<\/p>\n","protected":false},"excerpt":{"rendered":"<p>\u2022&nbsp;&nbsp;&nbsp;&nbsp;&nbsp;&nbsp;&nbsp;&nbsp;&nbsp; Considerada la magna obra de la Universidad, la nueva infraestructura coincide con los 500 a\u00f1os de la fundaci\u00f3n de Tlaxcala La gobernadora Lorena Cu\u00e9llar Cisneros asisti\u00f3 como invitada especial a la entrega de la Torre de Rector\u00eda de la Universidad Aut\u00f3noma de Tlaxcala (UATx) a la comunidad universitaria, donde destac\u00f3 el valor simb\u00f3lico de [&hellip;]<\/p>\n","protected":false},"author":4,"featured_media":98730,"comment_status":"open","ping_status":"open","sticky":false,"template":"","format":"standard","meta":{"om_disable_all_campaigns":false,"_monsterinsights_skip_tracking":false,"_monsterinsights_sitenote_active":false,"_monsterinsights_sitenote_note":"","_monsterinsights_sitenote_category":0,"jnews-multi-image_gallery":[],"jnews_single_post":{"format":"standard"},"jnews_primary_category":[],"footnotes":""},"categories":[1],"tags":[],"class_list":["post-98729","post","type-post","status-publish","format-standard","has-post-thumbnail","hentry","category-uncategorized"],"aioseo_notices":[],"_links":{"self":[{"href":"https:\/\/estado29.mx\/index.php?rest_route=\/wp\/v2\/posts\/98729","targetHints":{"allow":["GET"]}}],"collection":[{"href":"https:\/\/estado29.mx\/index.php?rest_route=\/wp\/v2\/posts"}],"about":[{"href":"https:\/\/estado29.mx\/index.php?rest_route=\/wp\/v2\/types\/post"}],"author":[{"embeddable":true,"href":"https:\/\/estado29.mx\/index.php?rest_route=\/wp\/v2\/users\/4"}],"replies":[{"embeddable":true,"href":"https:\/\/estado29.mx\/index.php?rest_route=%2Fwp%2Fv2%2Fcomments&post=98729"}],"version-history":[{"count":1,"href":"https:\/\/estado29.mx\/index.php?rest_route=\/wp\/v2\/posts\/98729\/revisions"}],"predecessor-version":[{"id":98731,"href":"https:\/\/estado29.mx\/index.php?rest_route=\/wp\/v2\/posts\/98729\/revisions\/98731"}],"wp:featuredmedia":[{"embeddable":true,"href":"https:\/\/estado29.mx\/index.php?rest_route=\/wp\/v2\/media\/98730"}],"wp:attachment":[{"href":"https:\/\/estado29.mx\/index.php?rest_route=%2Fwp%2Fv2%2Fmedia&parent=98729"}],"wp:term":[{"taxonomy":"category","embeddable":true,"href":"https:\/\/estado29.mx\/index.php?rest_route=%2Fwp%2Fv2%2Fcategories&post=98729"},{"taxonomy":"post_tag","embeddable":true,"href":"https:\/\/estado29.mx\/index.php?rest_route=%2Fwp%2Fv2%2Ftags&post=98729"}],"curies":[{"name":"wp","href":"https:\/\/api.w.org\/{rel}","templated":true}]}}