{"id":98751,"date":"2025-10-07T12:51:16","date_gmt":"2025-10-07T18:51:16","guid":{"rendered":"https:\/\/estado29.mx\/?p=98751"},"modified":"2025-10-07T12:51:17","modified_gmt":"2025-10-07T18:51:17","slug":"se-preparan-en-huamantla-para-conmemorar-491-anos-de-su-fundacion","status":"publish","type":"post","link":"https:\/\/estado29.mx\/?p=98751","title":{"rendered":"Se preparan en Huamantla para conmemorar 491 a\u00f1os de su fundaci\u00f3n."},"content":{"rendered":"\n<p>Paco Ugarte<\/p>\n\n\n\n<p>A unos d\u00edas de que Huamantla cumpla 491 a\u00f1os de su fundaci\u00f3n, la cronista de la ciudad, Isabel Aquino Romero, adelant\u00f3 que se preparan actividades de todo tipo.<\/p>\n\n\n\n<p>Puntualiz\u00f3 que aunque se considera Huamantla cumple m\u00e1s a\u00f1os de su fundaci\u00f3n fue hasta el 18 de octubre de 1534 que se institucionaliz\u00f3 con la llegada de los espa\u00f1oles.<\/p>\n\n\n\n<p>Expuso que se tendr\u00e1n conferencias con especialistas en distintos temas, exposiciones y otras actividades que en pr\u00f3ximos d\u00edas las autoridades presentar\u00e1n.<\/p>\n\n\n\n<p>Invit\u00f3 a la ciudadan\u00eda en general a vivir las actividades culturales, art\u00edsticas, deportivas y todas las que se desarrollen con motivo de la fundaci\u00f3n del pueblo m\u00e1gico.<\/p>\n","protected":false},"excerpt":{"rendered":"<p>Paco Ugarte A unos d\u00edas de que Huamantla cumpla 491 a\u00f1os de su fundaci\u00f3n, la cronista de la ciudad, Isabel Aquino Romero, adelant\u00f3 que se preparan actividades de todo tipo. Puntualiz\u00f3 que aunque se considera Huamantla cumple m\u00e1s a\u00f1os de su fundaci\u00f3n fue hasta el 18 de octubre de 1534 que se institucionaliz\u00f3 con la [&hellip;]<\/p>\n","protected":false},"author":5,"featured_media":98752,"comment_status":"open","ping_status":"open","sticky":false,"template":"","format":"standard","meta":{"om_disable_all_campaigns":false,"_monsterinsights_skip_tracking":false,"_monsterinsights_sitenote_active":false,"_monsterinsights_sitenote_note":"","_monsterinsights_sitenote_category":0,"jnews-multi-image_gallery":[],"jnews_single_post":{"format":"standard"},"jnews_primary_category":[],"footnotes":""},"categories":[1],"tags":[],"class_list":["post-98751","post","type-post","status-publish","format-standard","has-post-thumbnail","hentry","category-uncategorized"],"aioseo_notices":[],"_links":{"self":[{"href":"https:\/\/estado29.mx\/index.php?rest_route=\/wp\/v2\/posts\/98751","targetHints":{"allow":["GET"]}}],"collection":[{"href":"https:\/\/estado29.mx\/index.php?rest_route=\/wp\/v2\/posts"}],"about":[{"href":"https:\/\/estado29.mx\/index.php?rest_route=\/wp\/v2\/types\/post"}],"author":[{"embeddable":true,"href":"https:\/\/estado29.mx\/index.php?rest_route=\/wp\/v2\/users\/5"}],"replies":[{"embeddable":true,"href":"https:\/\/estado29.mx\/index.php?rest_route=%2Fwp%2Fv2%2Fcomments&post=98751"}],"version-history":[{"count":1,"href":"https:\/\/estado29.mx\/index.php?rest_route=\/wp\/v2\/posts\/98751\/revisions"}],"predecessor-version":[{"id":98753,"href":"https:\/\/estado29.mx\/index.php?rest_route=\/wp\/v2\/posts\/98751\/revisions\/98753"}],"wp:featuredmedia":[{"embeddable":true,"href":"https:\/\/estado29.mx\/index.php?rest_route=\/wp\/v2\/media\/98752"}],"wp:attachment":[{"href":"https:\/\/estado29.mx\/index.php?rest_route=%2Fwp%2Fv2%2Fmedia&parent=98751"}],"wp:term":[{"taxonomy":"category","embeddable":true,"href":"https:\/\/estado29.mx\/index.php?rest_route=%2Fwp%2Fv2%2Fcategories&post=98751"},{"taxonomy":"post_tag","embeddable":true,"href":"https:\/\/estado29.mx\/index.php?rest_route=%2Fwp%2Fv2%2Ftags&post=98751"}],"curies":[{"name":"wp","href":"https:\/\/api.w.org\/{rel}","templated":true}]}}