{"id":98824,"date":"2025-10-10T15:47:24","date_gmt":"2025-10-10T21:47:24","guid":{"rendered":"https:\/\/estado29.mx\/?p=98824"},"modified":"2025-10-10T15:47:25","modified_gmt":"2025-10-10T21:47:25","slug":"hoy-se-llevo-a-cabo-la-firma-de-convenio-entre-el-icatlax-y-el-ejido-san-luis-huamantla-un-acuerdo-que-fortalecera-las-oportunidades-de-capacitacion-y-desarrollo-para-las-y-los-productores-de-la-regi","status":"publish","type":"post","link":"https:\/\/estado29.mx\/?p=98824","title":{"rendered":"Hoy se llev\u00f3 a cabo la firma de convenio entre el ICATLAX y el Ejido San Luis Huamantla, un acuerdo que fortalecer\u00e1 las oportunidades de capacitaci\u00f3n y desarrollo para las y los productores de la regi\u00f3n."},"content":{"rendered":"<figure class=\"wp-block-post-featured-image\"><img loading=\"lazy\" decoding=\"async\" width=\"1280\" height=\"960\" src=\"https:\/\/estado29.mx\/wp-content\/uploads\/2025\/10\/WhatsApp-Image-2025-10-10-at-1.34.50-PM.jpeg\" class=\"attachment-post-thumbnail size-post-thumbnail wp-post-image\" alt=\"\" style=\"object-fit:cover;\" srcset=\"https:\/\/estado29.mx\/wp-content\/uploads\/2025\/10\/WhatsApp-Image-2025-10-10-at-1.34.50-PM.jpeg 1280w, https:\/\/estado29.mx\/wp-content\/uploads\/2025\/10\/WhatsApp-Image-2025-10-10-at-1.34.50-PM-300x225.jpeg 300w, https:\/\/estado29.mx\/wp-content\/uploads\/2025\/10\/WhatsApp-Image-2025-10-10-at-1.34.50-PM-1024x768.jpeg 1024w, https:\/\/estado29.mx\/wp-content\/uploads\/2025\/10\/WhatsApp-Image-2025-10-10-at-1.34.50-PM-768x576.jpeg 768w, https:\/\/estado29.mx\/wp-content\/uploads\/2025\/10\/WhatsApp-Image-2025-10-10-at-1.34.50-PM-750x563.jpeg 750w, https:\/\/estado29.mx\/wp-content\/uploads\/2025\/10\/WhatsApp-Image-2025-10-10-at-1.34.50-PM-1140x855.jpeg 1140w\" sizes=\"auto, (max-width: 1280px) 100vw, 1280px\" \/><\/figure>\n\n\n<p>En el evento participaron Miguel \u00c1ngel Hern\u00e1ndez Montiel, ejidatario de San Luis Huamantla; Beatriz Andrea Ram\u00edrez Pall\u00e1n, Directora Administrativa del ICATLAX; Miguel \u00c1ngel Castro, Jefe de Vinculaci\u00f3n; Fausto Hern\u00e1ndez Montiel, Director de Capacitaci\u00f3n Unidad Huamantla; y Miguel Quiroz Mart\u00ednez, Secretario del Ayuntamiento de Huamantla, en representaci\u00f3n del presidente municipal Juan Salvador Santos Cedillo; as\u00ed como Ma. Guadalupe Lozada D\u00edaz, Presidenta de Comunidad de Emiliano Zapata. \ud83c\udfdb\ufe0f<\/p>\n\n\n\n<p>Durante su intervenci\u00f3n, Miguel \u00c1ngel Hern\u00e1ndez Montiel agradeci\u00f3 al Consejo de Vigilancia y al ICATLAX por hacer posible este convenio, destacando el esfuerzo conjunto para impulsar nuevas oportunidades de aprendizaje. Por su parte, la C.P. Beatriz Andrea Ram\u00edrez Pall\u00e1n se\u00f1al\u00f3 que este acuerdo permitir\u00e1 ofrecer cursos pr\u00e1cticos adaptados a las necesidades locales, impulsando as\u00ed el ingreso familiar y el desarrollo econ\u00f3mico.<\/p>\n\n\n\n<p>El Director de Capacitaci\u00f3n, Fausto Hern\u00e1ndez Montiel, destac\u00f3 que los cursos tienen una duraci\u00f3n de 80 a 210 horas, dise\u00f1ados para fomentar el emprendimiento y la formaci\u00f3n hacia el futuro. \ud83d\ude80<\/p>\n\n\n\n<p>Como parte de esta jornada, se realiz\u00f3 una Expo Venta de productos elaborados por ejidatarios capacitados por el ICATLAX, presentando art\u00edculos como jabones artesanales, productos derivados de la miel, mermeladas, pi\u00f1atas, salsas y creaciones a base de nopal, reflejando el talento y la creatividad de nuestra gente.<\/p>\n","protected":false},"excerpt":{"rendered":"<p>En el evento participaron Miguel \u00c1ngel Hern\u00e1ndez Montiel, ejidatario de San Luis Huamantla; Beatriz Andrea Ram\u00edrez Pall\u00e1n, Directora Administrativa del ICATLAX; Miguel \u00c1ngel Castro, Jefe de Vinculaci\u00f3n; Fausto Hern\u00e1ndez Montiel, Director de Capacitaci\u00f3n Unidad Huamantla; y Miguel Quiroz Mart\u00ednez, Secretario del Ayuntamiento de Huamantla, en representaci\u00f3n del presidente municipal Juan Salvador Santos Cedillo; as\u00ed como [&hellip;]<\/p>\n","protected":false},"author":9,"featured_media":98825,"comment_status":"open","ping_status":"open","sticky":false,"template":"","format":"standard","meta":{"om_disable_all_campaigns":false,"_monsterinsights_skip_tracking":false,"_monsterinsights_sitenote_active":false,"_monsterinsights_sitenote_note":"","_monsterinsights_sitenote_category":0,"jnews-multi-image_gallery":[],"jnews_single_post":{"format":"standard"},"jnews_primary_category":[],"footnotes":""},"categories":[1],"tags":[],"class_list":["post-98824","post","type-post","status-publish","format-standard","has-post-thumbnail","hentry","category-uncategorized"],"aioseo_notices":[],"_links":{"self":[{"href":"https:\/\/estado29.mx\/index.php?rest_route=\/wp\/v2\/posts\/98824","targetHints":{"allow":["GET"]}}],"collection":[{"href":"https:\/\/estado29.mx\/index.php?rest_route=\/wp\/v2\/posts"}],"about":[{"href":"https:\/\/estado29.mx\/index.php?rest_route=\/wp\/v2\/types\/post"}],"author":[{"embeddable":true,"href":"https:\/\/estado29.mx\/index.php?rest_route=\/wp\/v2\/users\/9"}],"replies":[{"embeddable":true,"href":"https:\/\/estado29.mx\/index.php?rest_route=%2Fwp%2Fv2%2Fcomments&post=98824"}],"version-history":[{"count":1,"href":"https:\/\/estado29.mx\/index.php?rest_route=\/wp\/v2\/posts\/98824\/revisions"}],"predecessor-version":[{"id":98826,"href":"https:\/\/estado29.mx\/index.php?rest_route=\/wp\/v2\/posts\/98824\/revisions\/98826"}],"wp:featuredmedia":[{"embeddable":true,"href":"https:\/\/estado29.mx\/index.php?rest_route=\/wp\/v2\/media\/98825"}],"wp:attachment":[{"href":"https:\/\/estado29.mx\/index.php?rest_route=%2Fwp%2Fv2%2Fmedia&parent=98824"}],"wp:term":[{"taxonomy":"category","embeddable":true,"href":"https:\/\/estado29.mx\/index.php?rest_route=%2Fwp%2Fv2%2Fcategories&post=98824"},{"taxonomy":"post_tag","embeddable":true,"href":"https:\/\/estado29.mx\/index.php?rest_route=%2Fwp%2Fv2%2Ftags&post=98824"}],"curies":[{"name":"wp","href":"https:\/\/api.w.org\/{rel}","templated":true}]}}