{"id":98836,"date":"2025-10-13T07:24:51","date_gmt":"2025-10-13T13:24:51","guid":{"rendered":"https:\/\/estado29.mx\/?p=98836"},"modified":"2025-10-13T07:24:52","modified_gmt":"2025-10-13T13:24:52","slug":"celebra-tlaxcala-elegancia-y-tradicion-de-la-dama-charra-en-la-pasarela-se-parte-de-la-historia","status":"publish","type":"post","link":"https:\/\/estado29.mx\/?p=98836","title":{"rendered":"Celebra Tlaxcala elegancia y tradici\u00f3n de la dama charra en la pasarela \u201cs\u00e9 parte de la historia\u201d"},"content":{"rendered":"\n<p><\/p>\n\n\n\n<p>\u2022&nbsp;&nbsp;&nbsp;&nbsp;&nbsp;&nbsp;&nbsp;&nbsp;&nbsp; M\u00e1s de 500 charras de todo el pa\u00eds participaron en la muestra de vestidos y atuendos tradicionales<\/p>\n\n\n\n<p>Como parte de las actividades conmemorativas por los 500 a\u00f1os de la fundaci\u00f3n de la ciudad capital, \u00a1Sin Tlaxcala no hay M\u00e9xico!, se llev\u00f3 a cabo la pasarela de la muestra de vestidos y atuendos de damas charras \u201cS\u00e9 parte de la historia\u201d.<\/p>\n\n\n\n<p>En representaci\u00f3n de la gobernadora Lorena Cu\u00e9llar Cisneros, la presidenta honor\u00edfica del Sistema Estatal para el Desarrollo Integral de la Familia (Sedif), Mariana Espinosa de los Monteros Cu\u00e9llar, destac\u00f3 la fuerza y el arte de la mujer mexicana a trav\u00e9s de la charrer\u00eda.<\/p>\n\n\n\n<p>\u201cCada una de ustedes representa lo mejor de nuestra naci\u00f3n: la fuerza de la mujer, el arte que nace del alma y el orgullo de nuestras ra\u00edces. Este evento es una celebraci\u00f3n viva de nuestra identidad y del alma de Tlaxcala. Me da mucho gusto ver reunidas a tantas mujeres\u201d, expres\u00f3.<\/p>\n\n\n\n<p>De los Monteros Cu\u00e9llar record\u00f3 que esta muestra inici\u00f3 en 2016 y ha crecido hasta convertirse en un s\u00edmbolo de amor por M\u00e9xico y sus tradiciones. \u201cHoy, al formar parte de los festejos por los 500 a\u00f1os de nuestra ciudad, este evento adquiere un significado muy especial. Aqu\u00ed, en Tlaxcala, naci\u00f3 la primera ciudad ind\u00edgena reconocida por la corona espa\u00f1ola y el mestizaje que dio origen al alma de M\u00e9xico\u201d, afirm\u00f3.<\/p>\n\n\n\n<p>Resalt\u00f3 que la tradici\u00f3n charra y la indumentaria femenina son reflejo de la historia y del talento artesanal de las mujeres tlaxcaltecas. \u201cEl ser charra o charro no es solo portar un traje, es vivir con orgullo los valores que dan identidad a M\u00e9xico. Tlaxcala est\u00e1 viva en cada bordado, en cada rebozo y en cada falda que nos recuerda nuestra herencia mestiza\u201d, finaliz\u00f3.<\/p>\n\n\n\n<p>En su intervenci\u00f3n, el presidente de la Uni\u00f3n de Asociaciones de Charros del Estado de Tlaxcala, Isidro Candia Garc\u00eda, agradeci\u00f3 el apoyo del gobierno estatal y municipal para hacer posible esta pasarela hist\u00f3rica.<\/p>\n\n\n\n<p>\u201cNo hay registro de un evento con m\u00e1s de 500 mujeres reunidas en una plaza p\u00fablica para mostrar la belleza del atuendo nacional. Gracias a todas las damas charras, a las reinas y delegadas que hicieron posible este sue\u00f1o\u201d, expres\u00f3.<\/p>\n\n\n\n<p>En tanto, el secretario de prensa y difusi\u00f3n de la Federaci\u00f3n Mexicana de Charrer\u00eda, Edgar Vi\u00f1uela Navarro, reconoci\u00f3 la destacada participaci\u00f3n de las mujeres en el arte ecuestre mexicano y felicit\u00f3 al estado por su organizaci\u00f3n: \u201cPara la Federaci\u00f3n, la presencia de la mujer en la charrer\u00eda es motivo de orgullo nacional. Hoy Tlaxcala nos muestra c\u00f3mo la tradici\u00f3n sigue viva, uniendo historia, cultura y pasi\u00f3n por M\u00e9xico\u201d.<\/p>\n\n\n\n<p>El evento fue conducido por Roc\u00edo D\u00edaz, quien dio la bienvenida a las autoridades, entre ellas el presidente de Tlaxcala, Alfonso S\u00e1nchez Garc\u00eda; el secretario de Turismo, Fabricio Mena Rodr\u00edguez, y la secretaria de Cultura, Karen Villeda.<\/p>\n\n\n\n<p>Entre aplausos y m\u00fasica tradicional, las damas charras desfilaron con orgullo, mostrando la riqueza artesanal de los trajes t\u00edpicos mexicanos, elaborados con finos bordados y tejidos a mano que reflejan el talento de artesanas y artesanos tlaxcaltecas.<\/p>\n\n\n\n<p>El desfile organizado por la Uni\u00f3n de Asociaciones de Charros del Estado de Tlaxcala y avalado por la Federaci\u00f3n Mexicana de Charrer\u00eda cont\u00f3 con el respaldo del Gobierno del Estado y el Ayuntamiento de Tlaxcala, y llen\u00f3 de color, historia y elegancia las calles de la capital.<\/p>\n\n\n\n<p>El magno evento reuni\u00f3 a m\u00e1s de 500 mujeres de todo el pa\u00eds portando con orgullo los trajes t\u00edpicos de charra, china poblana y adelita. De esta manera, Tlaxcala volvi\u00f3 a demostrar que su historia, su cultura y sus tradiciones son el coraz\u00f3n de M\u00e9xico.<\/p>\n","protected":false},"excerpt":{"rendered":"<p>\u2022&nbsp;&nbsp;&nbsp;&nbsp;&nbsp;&nbsp;&nbsp;&nbsp;&nbsp; M\u00e1s de 500 charras de todo el pa\u00eds participaron en la muestra de vestidos y atuendos tradicionales Como parte de las actividades conmemorativas por los 500 a\u00f1os de la fundaci\u00f3n de la ciudad capital, \u00a1Sin Tlaxcala no hay M\u00e9xico!, se llev\u00f3 a cabo la pasarela de la muestra de vestidos y atuendos de damas [&hellip;]<\/p>\n","protected":false},"author":4,"featured_media":98837,"comment_status":"open","ping_status":"open","sticky":false,"template":"","format":"standard","meta":{"om_disable_all_campaigns":false,"_monsterinsights_skip_tracking":false,"_monsterinsights_sitenote_active":false,"_monsterinsights_sitenote_note":"","_monsterinsights_sitenote_category":0,"jnews-multi-image_gallery":[],"jnews_single_post":{"format":"standard"},"jnews_primary_category":[],"footnotes":""},"categories":[1],"tags":[],"class_list":["post-98836","post","type-post","status-publish","format-standard","has-post-thumbnail","hentry","category-uncategorized"],"aioseo_notices":[],"_links":{"self":[{"href":"https:\/\/estado29.mx\/index.php?rest_route=\/wp\/v2\/posts\/98836","targetHints":{"allow":["GET"]}}],"collection":[{"href":"https:\/\/estado29.mx\/index.php?rest_route=\/wp\/v2\/posts"}],"about":[{"href":"https:\/\/estado29.mx\/index.php?rest_route=\/wp\/v2\/types\/post"}],"author":[{"embeddable":true,"href":"https:\/\/estado29.mx\/index.php?rest_route=\/wp\/v2\/users\/4"}],"replies":[{"embeddable":true,"href":"https:\/\/estado29.mx\/index.php?rest_route=%2Fwp%2Fv2%2Fcomments&post=98836"}],"version-history":[{"count":1,"href":"https:\/\/estado29.mx\/index.php?rest_route=\/wp\/v2\/posts\/98836\/revisions"}],"predecessor-version":[{"id":98838,"href":"https:\/\/estado29.mx\/index.php?rest_route=\/wp\/v2\/posts\/98836\/revisions\/98838"}],"wp:featuredmedia":[{"embeddable":true,"href":"https:\/\/estado29.mx\/index.php?rest_route=\/wp\/v2\/media\/98837"}],"wp:attachment":[{"href":"https:\/\/estado29.mx\/index.php?rest_route=%2Fwp%2Fv2%2Fmedia&parent=98836"}],"wp:term":[{"taxonomy":"category","embeddable":true,"href":"https:\/\/estado29.mx\/index.php?rest_route=%2Fwp%2Fv2%2Fcategories&post=98836"},{"taxonomy":"post_tag","embeddable":true,"href":"https:\/\/estado29.mx\/index.php?rest_route=%2Fwp%2Fv2%2Ftags&post=98836"}],"curies":[{"name":"wp","href":"https:\/\/api.w.org\/{rel}","templated":true}]}}