{"id":98839,"date":"2025-10-13T07:29:42","date_gmt":"2025-10-13T13:29:42","guid":{"rendered":"https:\/\/estado29.mx\/?p=98839"},"modified":"2025-10-13T07:29:44","modified_gmt":"2025-10-13T13:29:44","slug":"policia-municipal-de-tlaxcala-detiene-a-hombre-con-multiples-antecedentes-delictivos","status":"publish","type":"post","link":"https:\/\/estado29.mx\/?p=98839","title":{"rendered":"Polic\u00eda municipal de Tlaxcala detiene a hombre con m\u00faltiples antecedentes delictivos"},"content":{"rendered":"\n<p><\/p>\n\n\n\n<p>Elementos de la Direcci\u00f3n de Seguridad, Protecci\u00f3n Ciudadana y Movilidad del Municipio de Tlaxcala detuvieron a un hombre de 24 a\u00f1os de edad, identificado como Jos\u00e9 \u201cN\u201d, por alterar el orden p\u00fablico en la capital y durante la intervenci\u00f3n confirmaron que el sujeto cuenta con ocho antecedentes policiales y varios procesos por distintos delitos.<\/p>\n\n\n\n<p>Por lo anterior, la administraci\u00f3n municipal hace un llamado a la ciudadan\u00eda y a posibles v\u00edctimas de este individuo a presentar su denuncia ante las instancias que correspondan, con el fin de evitar que recupere su libertad y asegurar que responda ante la justicia por sus actos.<\/p>\n\n\n\n<p>Cabe destacar que Jos\u00e9 \u201cN\u201d ha sido procesado y sentenciado por el delito de robo, y adem\u00e1s registra mandamientos judiciales cumplidos por lesiones y da\u00f1os a las cosas en el estado de Michoac\u00e1n (a\u00f1os 2002 y 2006).<\/p>\n\n\n\n<p>Asimismo, se le relaciona con ocho carpetas de investigaci\u00f3n por delitos cometidos en distintos municipios de Tlaxcala, entre ellos Totolac, Ixtacuixtla, Nativitas, Zacatelco y Nopalucan, donde habr\u00eda participado en robos a casa habitaci\u00f3n, comercio, patrimonio, motocicleta y transe\u00fantes, adem\u00e1s de tres incidentes por alteraci\u00f3n al orden p\u00fablico.<\/p>\n\n\n\n<p>Tras la detenci\u00f3n, los polic\u00edas municipales de la capital pusieron a disposici\u00f3n de la autoridad correspondiente a este hombre reincidente, a fin de dar el seguimiento legal a su caso.<\/p>\n","protected":false},"excerpt":{"rendered":"<p>Elementos de la Direcci\u00f3n de Seguridad, Protecci\u00f3n Ciudadana y Movilidad del Municipio de Tlaxcala detuvieron a un hombre de 24 a\u00f1os de edad, identificado como Jos\u00e9 \u201cN\u201d, por alterar el orden p\u00fablico en la capital y durante la intervenci\u00f3n confirmaron que el sujeto cuenta con ocho antecedentes policiales y varios procesos por distintos delitos. Por [&hellip;]<\/p>\n","protected":false},"author":4,"featured_media":98840,"comment_status":"open","ping_status":"open","sticky":false,"template":"","format":"standard","meta":{"om_disable_all_campaigns":false,"_monsterinsights_skip_tracking":false,"_monsterinsights_sitenote_active":false,"_monsterinsights_sitenote_note":"","_monsterinsights_sitenote_category":0,"jnews-multi-image_gallery":[],"jnews_single_post":{"format":"standard"},"jnews_primary_category":[],"footnotes":""},"categories":[1],"tags":[],"class_list":["post-98839","post","type-post","status-publish","format-standard","has-post-thumbnail","hentry","category-uncategorized"],"aioseo_notices":[],"_links":{"self":[{"href":"https:\/\/estado29.mx\/index.php?rest_route=\/wp\/v2\/posts\/98839","targetHints":{"allow":["GET"]}}],"collection":[{"href":"https:\/\/estado29.mx\/index.php?rest_route=\/wp\/v2\/posts"}],"about":[{"href":"https:\/\/estado29.mx\/index.php?rest_route=\/wp\/v2\/types\/post"}],"author":[{"embeddable":true,"href":"https:\/\/estado29.mx\/index.php?rest_route=\/wp\/v2\/users\/4"}],"replies":[{"embeddable":true,"href":"https:\/\/estado29.mx\/index.php?rest_route=%2Fwp%2Fv2%2Fcomments&post=98839"}],"version-history":[{"count":1,"href":"https:\/\/estado29.mx\/index.php?rest_route=\/wp\/v2\/posts\/98839\/revisions"}],"predecessor-version":[{"id":98841,"href":"https:\/\/estado29.mx\/index.php?rest_route=\/wp\/v2\/posts\/98839\/revisions\/98841"}],"wp:featuredmedia":[{"embeddable":true,"href":"https:\/\/estado29.mx\/index.php?rest_route=\/wp\/v2\/media\/98840"}],"wp:attachment":[{"href":"https:\/\/estado29.mx\/index.php?rest_route=%2Fwp%2Fv2%2Fmedia&parent=98839"}],"wp:term":[{"taxonomy":"category","embeddable":true,"href":"https:\/\/estado29.mx\/index.php?rest_route=%2Fwp%2Fv2%2Fcategories&post=98839"},{"taxonomy":"post_tag","embeddable":true,"href":"https:\/\/estado29.mx\/index.php?rest_route=%2Fwp%2Fv2%2Ftags&post=98839"}],"curies":[{"name":"wp","href":"https:\/\/api.w.org\/{rel}","templated":true}]}}