{"id":98916,"date":"2025-10-16T10:45:08","date_gmt":"2025-10-16T16:45:08","guid":{"rendered":"https:\/\/estado29.mx\/?p=98916"},"modified":"2025-10-16T10:45:08","modified_gmt":"2025-10-16T16:45:08","slug":"se-suma-el-ejido-de-san-lorenzo-cuapiaxtla-a-posicionamiento-por-el-pago-del-maiz-a-un-precio-justo","status":"publish","type":"post","link":"https:\/\/estado29.mx\/?p=98916","title":{"rendered":"Se suma el ejido de San Lorenzo Cuapiaxtla a posicionamiento por el pago del ma\u00edz a un precio justo."},"content":{"rendered":"\n<p>Paco Ugarte.<\/p>\n\n\n\n<p>Tras el posicionamiento que se realiz\u00f3 hace unos d\u00edas, de manera simult\u00e1nea en 17 estados de la rep\u00fablica mexicana, Tlaxcala tambi\u00e9n particip\u00f3 para exigir a las autoridades mejorar el precio del ma\u00edz.<\/p>\n\n\n\n<p>En este posicionamiento tambi\u00e9n particip\u00f3 el ejido de San Lorenzo Cuapiaxtla, con su representante, Efren L\u00f3pez, quien se\u00f1al\u00f3 desde su trinchera ha visitado distintas dependencias para hacer justicia a los campesinos y tener un precio m\u00ednimo al kilo de ma\u00edz por 10 pesos.<\/p>\n\n\n\n<p>\u201cSomos respetuosos pero es momento que se haga justicia para los campesinos de esta zona, afortunadamente este a\u00f1o las lluvias y condiciones climatol\u00f3gicas fue buena pero en otros a\u00f1os, solo la cosecha es para medio sobrevivir\u2026\u201d se\u00f1al\u00f3 Efr\u00e9n L\u00f3pez.<\/p>\n\n\n\n<p>Finalmente invit\u00f3 a los ejidatarios de distintas zona a sumarse en todas las actividades que habr\u00e1n de desarrollarse para exigir a las autoridades la mejora en el costo del ma\u00edz.<\/p>\n","protected":false},"excerpt":{"rendered":"<p>Paco Ugarte. Tras el posicionamiento que se realiz\u00f3 hace unos d\u00edas, de manera simult\u00e1nea en 17 estados de la rep\u00fablica mexicana, Tlaxcala tambi\u00e9n particip\u00f3 para exigir a las autoridades mejorar el precio del ma\u00edz. En este posicionamiento tambi\u00e9n particip\u00f3 el ejido de San Lorenzo Cuapiaxtla, con su representante, Efren L\u00f3pez, quien se\u00f1al\u00f3 desde su trinchera [&hellip;]<\/p>\n","protected":false},"author":5,"featured_media":98917,"comment_status":"open","ping_status":"open","sticky":false,"template":"","format":"standard","meta":{"om_disable_all_campaigns":false,"_monsterinsights_skip_tracking":false,"_monsterinsights_sitenote_active":false,"_monsterinsights_sitenote_note":"","_monsterinsights_sitenote_category":0,"jnews-multi-image_gallery":[],"jnews_single_post":{"format":"standard"},"jnews_primary_category":[],"footnotes":""},"categories":[1],"tags":[],"class_list":["post-98916","post","type-post","status-publish","format-standard","has-post-thumbnail","hentry","category-uncategorized"],"aioseo_notices":[],"_links":{"self":[{"href":"https:\/\/estado29.mx\/index.php?rest_route=\/wp\/v2\/posts\/98916","targetHints":{"allow":["GET"]}}],"collection":[{"href":"https:\/\/estado29.mx\/index.php?rest_route=\/wp\/v2\/posts"}],"about":[{"href":"https:\/\/estado29.mx\/index.php?rest_route=\/wp\/v2\/types\/post"}],"author":[{"embeddable":true,"href":"https:\/\/estado29.mx\/index.php?rest_route=\/wp\/v2\/users\/5"}],"replies":[{"embeddable":true,"href":"https:\/\/estado29.mx\/index.php?rest_route=%2Fwp%2Fv2%2Fcomments&post=98916"}],"version-history":[{"count":1,"href":"https:\/\/estado29.mx\/index.php?rest_route=\/wp\/v2\/posts\/98916\/revisions"}],"predecessor-version":[{"id":98918,"href":"https:\/\/estado29.mx\/index.php?rest_route=\/wp\/v2\/posts\/98916\/revisions\/98918"}],"wp:featuredmedia":[{"embeddable":true,"href":"https:\/\/estado29.mx\/index.php?rest_route=\/wp\/v2\/media\/98917"}],"wp:attachment":[{"href":"https:\/\/estado29.mx\/index.php?rest_route=%2Fwp%2Fv2%2Fmedia&parent=98916"}],"wp:term":[{"taxonomy":"category","embeddable":true,"href":"https:\/\/estado29.mx\/index.php?rest_route=%2Fwp%2Fv2%2Fcategories&post=98916"},{"taxonomy":"post_tag","embeddable":true,"href":"https:\/\/estado29.mx\/index.php?rest_route=%2Fwp%2Fv2%2Ftags&post=98916"}],"curies":[{"name":"wp","href":"https:\/\/api.w.org\/{rel}","templated":true}]}}