{"id":98919,"date":"2025-10-16T10:46:57","date_gmt":"2025-10-16T16:46:57","guid":{"rendered":"https:\/\/estado29.mx\/?p=98919"},"modified":"2025-10-16T10:46:58","modified_gmt":"2025-10-16T16:46:58","slug":"convoca-presidente-de-san-lucas-a-actividades-por-fundacion-de-huamantla-y-feria-anual","status":"publish","type":"post","link":"https:\/\/estado29.mx\/?p=98919","title":{"rendered":"Convoca presidente de San Lucas a actividades por fundaci\u00f3n de Huamantla y feria anual."},"content":{"rendered":"\n<p>Paco Ugarte.<\/p>\n\n\n\n<p>Roberto Aguilar, Presidente del barrio de San Lucas en Huamantla, en entrevista hizo la invitaci\u00f3n para poder participar en las actividades que se tienen contempladas con motivo del aniversario 491 de la fundaci\u00f3n de Huamantla, as\u00ed como los eventos que se tienen contemplados en el marco de su feria anual.<\/p>\n\n\n\n<p>Se\u00f1al\u00f3 que en esta ocasi\u00f3n se han preparado eventos culturales del 13 al 17 de octubre, para el s\u00e1bado 18 el desfile partiendo de la rotonda de los hombres ilustres, acto c\u00edvico con motivo de la fundaci\u00f3n de Huamantla, adem\u00e1s de coronaci\u00f3n de la Reina de feria y por la noche Grupo la Seducci\u00f3n y Alma de Acero.<\/p>\n\n\n\n<p>Para el domingo 19 de costumbre se realizar\u00e1 la \u201cMini San Lucas\u201d, carrera de encostalados y bicis, torneo de cintas, presentaci\u00f3n de la camada \u201cXaltocan Centro\u201d y por la noche el baile de feria con artistas locales.<\/p>\n\n\n\n<p>Adem\u00e1s exhort\u00f3 a la poblaci\u00f3n evitar sanciones por parte de las autoridades, pues record\u00f3 que contin\u00faan suspendido la realizaci\u00f3n de bailes sonideros y fiestas en la v\u00eda p\u00fablica, adem\u00e1s de los encierros callejeros denominados \u201cVaquilladas\u201d.<\/p>\n\n\n\n<p>Entre Terrenate y Huamantla, sujetos 4rm4d0s despojan a hombre de su camioneta.<\/p>\n\n\n\n<p><\/p>\n\n\n\n<p>Paco Ugarte.<\/p>\n\n\n\n<p>Roberto Aguilar, Presidente del barrio de San Lucas en Huamantla, en entrevista hizo la invitaci\u00f3n para poder participar en las actividades que se tienen contempladas con motivo del aniversario 491 de la fundaci\u00f3n de Huamantla, as\u00ed como los eventos que se tienen contemplados en el marco de su feria anual.<\/p>\n\n\n\n<p>Se\u00f1al\u00f3 que en esta ocasi\u00f3n se han preparado eventos culturales del 13 al 17 de octubre, para el s\u00e1bado 18 el desfile partiendo de la rotonda de los hombres ilustres, acto c\u00edvico con motivo de la fundaci\u00f3n de Huamantla, adem\u00e1s de coronaci\u00f3n de la Reina de feria y por la noche Grupo la Seducci\u00f3n y Alma de Acero.<\/p>\n\n\n\n<p>Para el domingo 19 de costumbre se realizar\u00e1 la \u201cMini San Lucas\u201d, carrera de encostalados y bicis, torneo de cintas, presentaci\u00f3n de la camada \u201cXaltocan Centro\u201d y por la noche el baile de feria con artistas locales.<\/p>\n\n\n\n<p>Adem\u00e1s exhort\u00f3 a la poblaci\u00f3n evitar sanciones por parte de las autoridades, pues record\u00f3 que contin\u00faan suspendido la realizaci\u00f3n de bailes sonideros y fiestas en la v\u00eda p\u00fablica, adem\u00e1s de los encierros callejeros denominados \u201cVaquilladas\u201d.<\/p>\n\n\n\n<p>Entre Terrenate y Huamantla, sujetos 4rm4d0s despojan a hombre de su camioneta.<\/p>\n","protected":false},"excerpt":{"rendered":"<p>Paco Ugarte. Roberto Aguilar, Presidente del barrio de San Lucas en Huamantla, en entrevista hizo la invitaci\u00f3n para poder participar en las actividades que se tienen contempladas con motivo del aniversario 491 de la fundaci\u00f3n de Huamantla, as\u00ed como los eventos que se tienen contemplados en el marco de su feria anual. Se\u00f1al\u00f3 que en [&hellip;]<\/p>\n","protected":false},"author":5,"featured_media":98920,"comment_status":"open","ping_status":"open","sticky":false,"template":"","format":"standard","meta":{"om_disable_all_campaigns":false,"_monsterinsights_skip_tracking":false,"_monsterinsights_sitenote_active":false,"_monsterinsights_sitenote_note":"","_monsterinsights_sitenote_category":0,"jnews-multi-image_gallery":[],"jnews_single_post":{"format":"standard"},"jnews_primary_category":[],"footnotes":""},"categories":[1],"tags":[],"class_list":["post-98919","post","type-post","status-publish","format-standard","has-post-thumbnail","hentry","category-uncategorized"],"aioseo_notices":[],"_links":{"self":[{"href":"https:\/\/estado29.mx\/index.php?rest_route=\/wp\/v2\/posts\/98919","targetHints":{"allow":["GET"]}}],"collection":[{"href":"https:\/\/estado29.mx\/index.php?rest_route=\/wp\/v2\/posts"}],"about":[{"href":"https:\/\/estado29.mx\/index.php?rest_route=\/wp\/v2\/types\/post"}],"author":[{"embeddable":true,"href":"https:\/\/estado29.mx\/index.php?rest_route=\/wp\/v2\/users\/5"}],"replies":[{"embeddable":true,"href":"https:\/\/estado29.mx\/index.php?rest_route=%2Fwp%2Fv2%2Fcomments&post=98919"}],"version-history":[{"count":1,"href":"https:\/\/estado29.mx\/index.php?rest_route=\/wp\/v2\/posts\/98919\/revisions"}],"predecessor-version":[{"id":98921,"href":"https:\/\/estado29.mx\/index.php?rest_route=\/wp\/v2\/posts\/98919\/revisions\/98921"}],"wp:featuredmedia":[{"embeddable":true,"href":"https:\/\/estado29.mx\/index.php?rest_route=\/wp\/v2\/media\/98920"}],"wp:attachment":[{"href":"https:\/\/estado29.mx\/index.php?rest_route=%2Fwp%2Fv2%2Fmedia&parent=98919"}],"wp:term":[{"taxonomy":"category","embeddable":true,"href":"https:\/\/estado29.mx\/index.php?rest_route=%2Fwp%2Fv2%2Fcategories&post=98919"},{"taxonomy":"post_tag","embeddable":true,"href":"https:\/\/estado29.mx\/index.php?rest_route=%2Fwp%2Fv2%2Ftags&post=98919"}],"curies":[{"name":"wp","href":"https:\/\/api.w.org\/{rel}","templated":true}]}}