{"id":98933,"date":"2025-10-16T15:42:24","date_gmt":"2025-10-16T21:42:24","guid":{"rendered":"https:\/\/estado29.mx\/?p=98933"},"modified":"2025-10-16T15:42:25","modified_gmt":"2025-10-16T21:42:25","slug":"ley-de-amparo-protege-al-pueblo-de-mexico-frente-a-cualquier-acto-injusto-de-la-autoridad-presidenta-claudia-sheinbaum","status":"publish","type":"post","link":"https:\/\/estado29.mx\/?p=98933","title":{"rendered":"Ley de Amparo protege al pueblo de M\u00e9xico frente a cualquier acto injusto de la autoridad: Presidenta Claudia Sheinbaum"},"content":{"rendered":"\n<figure class=\"wp-block-image size-large\"><img loading=\"lazy\" decoding=\"async\" width=\"1024\" height=\"682\" src=\"https:\/\/estado29.mx\/wp-content\/uploads\/2025\/10\/161025-CSP-CONFERENCIA-1-1024x682.jpeg\" alt=\"\" class=\"wp-image-98934\" srcset=\"https:\/\/estado29.mx\/wp-content\/uploads\/2025\/10\/161025-CSP-CONFERENCIA-1-1024x682.jpeg 1024w, https:\/\/estado29.mx\/wp-content\/uploads\/2025\/10\/161025-CSP-CONFERENCIA-1-300x200.jpeg 300w, https:\/\/estado29.mx\/wp-content\/uploads\/2025\/10\/161025-CSP-CONFERENCIA-1-768x512.jpeg 768w, https:\/\/estado29.mx\/wp-content\/uploads\/2025\/10\/161025-CSP-CONFERENCIA-1-1536x1024.jpeg 1536w, https:\/\/estado29.mx\/wp-content\/uploads\/2025\/10\/161025-CSP-CONFERENCIA-1-2048x1365.jpeg 2048w, https:\/\/estado29.mx\/wp-content\/uploads\/2025\/10\/161025-CSP-CONFERENCIA-1-750x500.jpeg 750w, https:\/\/estado29.mx\/wp-content\/uploads\/2025\/10\/161025-CSP-CONFERENCIA-1-1140x760.jpeg 1140w\" sizes=\"auto, (max-width: 1024px) 100vw, 1024px\" \/><\/figure>\n\n\n\n<p>La Presidenta Claudia Sheinbaum Pardo destac\u00f3 que la reforma a la Ley de Amparo, que aprob\u00f3 ayer el Senado de la Rep\u00fablica, tiene el objetivo de continuar protegiendo al pueblo de M\u00e9xico frente a cualquier acto injusto de la autoridad, convirti\u00e9ndolo en un instrumento m\u00e1s expedito y que permita mayor acceso a la justicia.<\/p>\n\n\n\n<p>&#8220;Se est\u00e1 protegiendo al pueblo de M\u00e9xico frente a cualquier acto injusto de la autoridad, eso no cambia en lo m\u00e1s m\u00ednimo; al contrario, se fortalece. Entonces, quien habla en contra de la Ley de Amparo y miente diciendo que \u2018no se est\u00e1 respetando la retroactividad\u2019 \u2014ese derecho constitucional\u2014 es mentiroso; o mienten deliberadamente o de plano no han le\u00eddo y act\u00faan por consigna, la verdad. Es as\u00ed de sencillo, llano y claro&#8221;, puntualiz\u00f3 la Jefa del Ejecutivo Federal en \u201cLa ma\u00f1anera del pueblo\u201d.<\/p>\n\n\n\n<p>El coordinador general de Pol\u00edtica y Gobierno, Arturo Zald\u00edvar Lelo de Larrea, destac\u00f3 que es absolutamente falso que la reforma a Ley de Amparo recientemente aprobada sea regresiva y limite la defensa de las personas, ya que lo que se busca es hacer de este recurso jur\u00eddico un procedimiento m\u00e1s \u00e1gil, m\u00e1s cercano, acortar plazos en tr\u00e1mites y dar paso en materia de justicia digital. \u201cVa a ser una justicia m\u00e1s moderna, m\u00e1s cercana, m\u00e1s accesible, esa es la finalidad primordial del juicio de amparo en esta reforma\u201d, agreg\u00f3.<\/p>\n","protected":false},"excerpt":{"rendered":"<p>La Presidenta Claudia Sheinbaum Pardo destac\u00f3 que la reforma a la Ley de Amparo, que aprob\u00f3 ayer el Senado de la Rep\u00fablica, tiene el objetivo de continuar protegiendo al pueblo de M\u00e9xico frente a cualquier acto injusto de la autoridad, convirti\u00e9ndolo en un instrumento m\u00e1s expedito y que permita mayor acceso a la justicia. &#8220;Se [&hellip;]<\/p>\n","protected":false},"author":9,"featured_media":0,"comment_status":"open","ping_status":"open","sticky":false,"template":"","format":"standard","meta":{"om_disable_all_campaigns":false,"_monsterinsights_skip_tracking":false,"_monsterinsights_sitenote_active":false,"_monsterinsights_sitenote_note":"","_monsterinsights_sitenote_category":0,"jnews-multi-image_gallery":[],"jnews_single_post":{"format":"standard"},"jnews_primary_category":[],"footnotes":""},"categories":[1],"tags":[],"class_list":["post-98933","post","type-post","status-publish","format-standard","hentry","category-uncategorized"],"aioseo_notices":[],"_links":{"self":[{"href":"https:\/\/estado29.mx\/index.php?rest_route=\/wp\/v2\/posts\/98933","targetHints":{"allow":["GET"]}}],"collection":[{"href":"https:\/\/estado29.mx\/index.php?rest_route=\/wp\/v2\/posts"}],"about":[{"href":"https:\/\/estado29.mx\/index.php?rest_route=\/wp\/v2\/types\/post"}],"author":[{"embeddable":true,"href":"https:\/\/estado29.mx\/index.php?rest_route=\/wp\/v2\/users\/9"}],"replies":[{"embeddable":true,"href":"https:\/\/estado29.mx\/index.php?rest_route=%2Fwp%2Fv2%2Fcomments&post=98933"}],"version-history":[{"count":1,"href":"https:\/\/estado29.mx\/index.php?rest_route=\/wp\/v2\/posts\/98933\/revisions"}],"predecessor-version":[{"id":98935,"href":"https:\/\/estado29.mx\/index.php?rest_route=\/wp\/v2\/posts\/98933\/revisions\/98935"}],"wp:attachment":[{"href":"https:\/\/estado29.mx\/index.php?rest_route=%2Fwp%2Fv2%2Fmedia&parent=98933"}],"wp:term":[{"taxonomy":"category","embeddable":true,"href":"https:\/\/estado29.mx\/index.php?rest_route=%2Fwp%2Fv2%2Fcategories&post=98933"},{"taxonomy":"post_tag","embeddable":true,"href":"https:\/\/estado29.mx\/index.php?rest_route=%2Fwp%2Fv2%2Ftags&post=98933"}],"curies":[{"name":"wp","href":"https:\/\/api.w.org\/{rel}","templated":true}]}}