{"id":98936,"date":"2025-10-17T07:39:10","date_gmt":"2025-10-17T13:39:10","guid":{"rendered":"https:\/\/estado29.mx\/?p=98936"},"modified":"2025-10-17T07:39:12","modified_gmt":"2025-10-17T13:39:12","slug":"revision-del-t-mec-una-oportunidad-estrategica-para-tlaxcala-sedeco","status":"publish","type":"post","link":"https:\/\/estado29.mx\/?p=98936","title":{"rendered":"Revisi\u00f3n del T-MEC, una oportunidad estrat\u00e9gica para Tlaxcala: SEDECO"},"content":{"rendered":"\n<p><\/p>\n\n\n\n<p>\u2022&nbsp;&nbsp;&nbsp;&nbsp;&nbsp;&nbsp;&nbsp;&nbsp;&nbsp; Con foros regionales de consulta, impulsados por el gobierno federal, el estado busca consolidarse como un nodo estrat\u00e9gico en el bloque de Am\u00e9rica del Norte<\/p>\n\n\n\n<p>El Tratado entre M\u00e9xico, Estados Unidos y Canad\u00e1 (T-MEC) representa una oportunidad estrat\u00e9gica para que Tlaxcala ampl\u00ede la participaci\u00f3n de sus empresas en las cadenas globales de valor, afirm\u00f3 Mar\u00eda Jos\u00e9 Lechuga Dur\u00e1n, directora de Industria de la Secretar\u00eda de Desarrollo Econ\u00f3mico (Sedeco), durante el Di\u00e1logo Circular de esta semana.<\/p>\n\n\n\n<p>En el auditorio \u201cTrinidad S\u00e1nchez Santos\u201d de la Coordinaci\u00f3n de Comunicaci\u00f3n del Gobierno del Estado, la funcionaria subray\u00f3 que el T-MEC constituye una plataforma con enorme potencial econ\u00f3mico, al integrar un mercado de m\u00e1s de 501 millones de consumidores y concentrar cerca del 30 por ciento del PIB mundial.<\/p>\n\n\n\n<p>Adem\u00e1s, record\u00f3 que el bloque norteamericano genera 17 millones de empleos, y que Estados Unidos y Canad\u00e1 concentran el 54 por ciento de la Inversi\u00f3n Extranjera Directa (IED) en M\u00e9xico.<\/p>\n\n\n\n<p>\u201cM\u00e9xico es hoy el principal exportador hacia Estados Unidos, y esa posici\u00f3n privilegiada nos coloca como socios estrat\u00e9gicos en el comercio internacional\u201d, afirm\u00f3 la funcionaria, al tiempo que destac\u00f3 la relevancia de que las negociaciones del tratado se fortalezcan con la participaci\u00f3n de los sectores productivos y sociales.<\/p>\n\n\n\n<p>Lechuga Dur\u00e1n enfatiz\u00f3 que, por primera vez, la Secretar\u00eda de Econom\u00eda federal (SE) abri\u00f3 un proceso de di\u00e1logo p\u00fablico sobre el T-MEC, con la realizaci\u00f3n de foros regionales en los 32 estados del pa\u00eds, para integrar opiniones y propuestas de todos los sectores, como parte del proceso de revisi\u00f3n del tratado comercial con Am\u00e9rica del Norte.<\/p>\n\n\n\n<p>Tlaxcala fue el primer estado del pa\u00eds en realizar su foro regional, el pasado 7 de octubre, con la participaci\u00f3n de m\u00e1s de 50 empresarios, representantes del sector educativo, sindicatos y organizaciones sociales. Posteriormente, el 13 de octubre, se llev\u00f3 a cabo una mesa de trabajo dedicada al sector automotriz, el m\u00e1s importante para la econom\u00eda estatal por su aportaci\u00f3n al empleo y a la inversi\u00f3n extranjera.<\/p>\n\n\n\n<p>\u201cRegularmente estos espacios se desarrollaban a puerta cerrada, solo con expertos. Hoy se busca escuchar a empresarios, acad\u00e9micos, sindicatos y sociedad civil, para construir una visi\u00f3n integral que refleje la realidad econ\u00f3mica de cada estado\u201d, explic\u00f3.<\/p>\n\n\n\n<p>De este encuentro surgieron planteamientos concretos orientados a fortalecer la competitividad del sector productivo estatal, como la revisi\u00f3n de la normativa aplicable a la comercializaci\u00f3n de veh\u00edculos asi\u00e1ticos, particularmente aquellos que ingresan al pa\u00eds sin cumplir con los est\u00e1ndares m\u00ednimos de contenido regional, seguridad y emisiones.<\/p>\n\n\n\n<p>Asimismo, se subray\u00f3 la necesidad de impulsar programas de desarrollo de proveedores y de innovaci\u00f3n tecnol\u00f3gica automotriz, enfocados en una pol\u00edtica de sustituci\u00f3n de importaciones. Este enfoque, se\u00f1alaron los asistentes, permitir\u00eda fortalecer la presencia de las empresas instaladas en M\u00e9xico y consolidar al pa\u00eds como un nodo estrat\u00e9gico dentro del bloque econ\u00f3mico de Am\u00e9rica del Norte.<\/p>\n\n\n\n<p>La directora de Industria de la Sedeco detall\u00f3 que el di\u00e1logo permanece abierto para que el sector contin\u00fae aportando informaci\u00f3n y planteamientos espec\u00edficos. Una vez concluida la recopilaci\u00f3n de la informaci\u00f3n, Tlaxcala presentar\u00e1 una propuesta integral del sector automotriz ante la Secretar\u00eda de Econom\u00eda federal.<\/p>\n\n\n\n<p>Finalmente, Lechuga Dur\u00e1n anunci\u00f3 que se realizar\u00e1n foros por sectores econ\u00f3micos, como el textil, con el objetivo de enriquecer las aportaciones estatales.<\/p>\n\n\n\n<p>\u201cQueremos que todas las voces sean escuchadas. Invitamos a las y los empresarios, trabajadores y ciudadanos a participar y enviar sus propuestas a trav\u00e9s del c\u00f3digo QR habilitado para este proceso. Entre m\u00e1s amplia sea la participaci\u00f3n, m\u00e1s s\u00f3lida ser\u00e1 la postura de Tlaxcala en este di\u00e1logo nacional\u201d, concluy\u00f3.<\/p>\n","protected":false},"excerpt":{"rendered":"<p>\u2022&nbsp;&nbsp;&nbsp;&nbsp;&nbsp;&nbsp;&nbsp;&nbsp;&nbsp; Con foros regionales de consulta, impulsados por el gobierno federal, el estado busca consolidarse como un nodo estrat\u00e9gico en el bloque de Am\u00e9rica del Norte El Tratado entre M\u00e9xico, Estados Unidos y Canad\u00e1 (T-MEC) representa una oportunidad estrat\u00e9gica para que Tlaxcala ampl\u00ede la participaci\u00f3n de sus empresas en las cadenas globales de valor, afirm\u00f3 [&hellip;]<\/p>\n","protected":false},"author":4,"featured_media":98937,"comment_status":"open","ping_status":"open","sticky":false,"template":"","format":"standard","meta":{"om_disable_all_campaigns":false,"_monsterinsights_skip_tracking":false,"_monsterinsights_sitenote_active":false,"_monsterinsights_sitenote_note":"","_monsterinsights_sitenote_category":0,"jnews-multi-image_gallery":[],"jnews_single_post":{"format":"standard"},"jnews_primary_category":[],"footnotes":""},"categories":[1],"tags":[],"class_list":["post-98936","post","type-post","status-publish","format-standard","has-post-thumbnail","hentry","category-uncategorized"],"aioseo_notices":[],"_links":{"self":[{"href":"https:\/\/estado29.mx\/index.php?rest_route=\/wp\/v2\/posts\/98936","targetHints":{"allow":["GET"]}}],"collection":[{"href":"https:\/\/estado29.mx\/index.php?rest_route=\/wp\/v2\/posts"}],"about":[{"href":"https:\/\/estado29.mx\/index.php?rest_route=\/wp\/v2\/types\/post"}],"author":[{"embeddable":true,"href":"https:\/\/estado29.mx\/index.php?rest_route=\/wp\/v2\/users\/4"}],"replies":[{"embeddable":true,"href":"https:\/\/estado29.mx\/index.php?rest_route=%2Fwp%2Fv2%2Fcomments&post=98936"}],"version-history":[{"count":1,"href":"https:\/\/estado29.mx\/index.php?rest_route=\/wp\/v2\/posts\/98936\/revisions"}],"predecessor-version":[{"id":98938,"href":"https:\/\/estado29.mx\/index.php?rest_route=\/wp\/v2\/posts\/98936\/revisions\/98938"}],"wp:featuredmedia":[{"embeddable":true,"href":"https:\/\/estado29.mx\/index.php?rest_route=\/wp\/v2\/media\/98937"}],"wp:attachment":[{"href":"https:\/\/estado29.mx\/index.php?rest_route=%2Fwp%2Fv2%2Fmedia&parent=98936"}],"wp:term":[{"taxonomy":"category","embeddable":true,"href":"https:\/\/estado29.mx\/index.php?rest_route=%2Fwp%2Fv2%2Fcategories&post=98936"},{"taxonomy":"post_tag","embeddable":true,"href":"https:\/\/estado29.mx\/index.php?rest_route=%2Fwp%2Fv2%2Ftags&post=98936"}],"curies":[{"name":"wp","href":"https:\/\/api.w.org\/{rel}","templated":true}]}}