{"id":99001,"date":"2025-10-21T18:19:52","date_gmt":"2025-10-22T00:19:52","guid":{"rendered":"https:\/\/estado29.mx\/?p=99001"},"modified":"2025-10-21T18:19:54","modified_gmt":"2025-10-22T00:19:54","slug":"invitan-a-conferencia-cuando-el-silencio-duele-para-prevenir-y-erradicar-el-bullying-en-huamantla","status":"publish","type":"post","link":"https:\/\/estado29.mx\/?p=99001","title":{"rendered":"Invitan a conferencia \u201cCuando el silencio duele\u201d para prevenir y erradicar el bullying en Huamantla"},"content":{"rendered":"\n<figure class=\"wp-block-image size-large\"><img loading=\"lazy\" decoding=\"async\" width=\"819\" height=\"1024\" src=\"https:\/\/estado29.mx\/wp-content\/uploads\/2025\/10\/image-26-819x1024.png\" alt=\"\" class=\"wp-image-99002\" srcset=\"https:\/\/estado29.mx\/wp-content\/uploads\/2025\/10\/image-26-819x1024.png 819w, https:\/\/estado29.mx\/wp-content\/uploads\/2025\/10\/image-26-240x300.png 240w, https:\/\/estado29.mx\/wp-content\/uploads\/2025\/10\/image-26-768x960.png 768w, https:\/\/estado29.mx\/wp-content\/uploads\/2025\/10\/image-26-750x938.png 750w, https:\/\/estado29.mx\/wp-content\/uploads\/2025\/10\/image-26.png 1080w\" sizes=\"auto, (max-width: 819px) 100vw, 819px\" \/><\/figure>\n\n\n\n<p>Con el prop\u00f3sito de fomentar entornos m\u00e1s seguros y libres de violencia, el Ayuntamiento de Huamantla, a trav\u00e9s del Sistema Municipal DIF, invita a la ciudadan\u00eda a la conferencia \u201cCuando el silencio duele\u201d, que ser\u00e1 impartida por el Dr. Alejandro Di Grazia Rao este jueves 23 de octubre a las 10:00 a.m. en el Auditorio Ex Cancha 13.<\/p>\n\n\n\n<p>Durante esta charla, se abordar\u00e1n temas fundamentales sobre el bullying escolar, brindando herramientas para identificar cu\u00e1ndo ni\u00f1as, ni\u00f1os o adolescentes son v\u00edctimas, agresores o testigos de acoso, as\u00ed como estrategias para prevenir y actuar ante estos casos.<\/p>\n\n\n\n<p>La presidenta honor\u00edfica del DIF Huamantla, Roc\u00edo S\u00e1nchez, destac\u00f3 que este tipo de actividades buscan fortalecer el tejido social desde la familia y la escuela, fomentando la empat\u00eda, el respeto y la comunicaci\u00f3n entre padres, docentes y estudiantes.<\/p>\n\n\n\n<p>El Gobierno Municipal que encabeza el presidente Salvador Santos Cedillo, reitera su compromiso de impulsar acciones que promuevan el bienestar emocional y la protecci\u00f3n de la ni\u00f1ez huamantleca.<\/p>\n\n\n\n<p>\ud83d\udc9a Porque el silencio duele, pero la prevenci\u00f3n salva.<\/p>\n","protected":false},"excerpt":{"rendered":"<p>Con el prop\u00f3sito de fomentar entornos m\u00e1s seguros y libres de violencia, el Ayuntamiento de Huamantla, a trav\u00e9s del Sistema Municipal DIF, invita a la ciudadan\u00eda a la conferencia \u201cCuando el silencio duele\u201d, que ser\u00e1 impartida por el Dr. Alejandro Di Grazia Rao este jueves 23 de octubre a las 10:00 a.m. en el Auditorio [&hellip;]<\/p>\n","protected":false},"author":9,"featured_media":0,"comment_status":"open","ping_status":"open","sticky":false,"template":"","format":"standard","meta":{"om_disable_all_campaigns":false,"_monsterinsights_skip_tracking":false,"_monsterinsights_sitenote_active":false,"_monsterinsights_sitenote_note":"","_monsterinsights_sitenote_category":0,"jnews-multi-image_gallery":[],"jnews_single_post":{"format":"standard"},"jnews_primary_category":[],"footnotes":""},"categories":[1],"tags":[],"class_list":["post-99001","post","type-post","status-publish","format-standard","hentry","category-uncategorized"],"aioseo_notices":[],"_links":{"self":[{"href":"https:\/\/estado29.mx\/index.php?rest_route=\/wp\/v2\/posts\/99001","targetHints":{"allow":["GET"]}}],"collection":[{"href":"https:\/\/estado29.mx\/index.php?rest_route=\/wp\/v2\/posts"}],"about":[{"href":"https:\/\/estado29.mx\/index.php?rest_route=\/wp\/v2\/types\/post"}],"author":[{"embeddable":true,"href":"https:\/\/estado29.mx\/index.php?rest_route=\/wp\/v2\/users\/9"}],"replies":[{"embeddable":true,"href":"https:\/\/estado29.mx\/index.php?rest_route=%2Fwp%2Fv2%2Fcomments&post=99001"}],"version-history":[{"count":1,"href":"https:\/\/estado29.mx\/index.php?rest_route=\/wp\/v2\/posts\/99001\/revisions"}],"predecessor-version":[{"id":99003,"href":"https:\/\/estado29.mx\/index.php?rest_route=\/wp\/v2\/posts\/99001\/revisions\/99003"}],"wp:attachment":[{"href":"https:\/\/estado29.mx\/index.php?rest_route=%2Fwp%2Fv2%2Fmedia&parent=99001"}],"wp:term":[{"taxonomy":"category","embeddable":true,"href":"https:\/\/estado29.mx\/index.php?rest_route=%2Fwp%2Fv2%2Fcategories&post=99001"},{"taxonomy":"post_tag","embeddable":true,"href":"https:\/\/estado29.mx\/index.php?rest_route=%2Fwp%2Fv2%2Ftags&post=99001"}],"curies":[{"name":"wp","href":"https:\/\/api.w.org\/{rel}","templated":true}]}}