{"id":99007,"date":"2025-10-22T12:36:06","date_gmt":"2025-10-22T18:36:06","guid":{"rendered":"https:\/\/estado29.mx\/?p=99007"},"modified":"2025-10-22T12:36:08","modified_gmt":"2025-10-22T18:36:08","slug":"implementara-seguridad-publica-municipal-operativo-especial-por-instalacion-del-mercado-y-festividades-del-dia-de-muertos","status":"publish","type":"post","link":"https:\/\/estado29.mx\/?p=99007","title":{"rendered":"Implementar\u00e1 Seguridad P\u00fablica Municipal operativo especial por instalaci\u00f3n del mercado y festividades del D\u00eda de Muertos"},"content":{"rendered":"\n<figure class=\"wp-block-image size-full\"><img loading=\"lazy\" decoding=\"async\" width=\"1000\" height=\"612\" src=\"https:\/\/estado29.mx\/wp-content\/uploads\/2025\/10\/image-28.png\" alt=\"\" class=\"wp-image-99009\" srcset=\"https:\/\/estado29.mx\/wp-content\/uploads\/2025\/10\/image-28.png 1000w, https:\/\/estado29.mx\/wp-content\/uploads\/2025\/10\/image-28-300x184.png 300w, https:\/\/estado29.mx\/wp-content\/uploads\/2025\/10\/image-28-768x470.png 768w, https:\/\/estado29.mx\/wp-content\/uploads\/2025\/10\/image-28-750x459.png 750w\" sizes=\"auto, (max-width: 1000px) 100vw, 1000px\" \/><\/figure>\n\n\n\n<p>La Direcci\u00f3n de Seguridad P\u00fablica Municipal, a trav\u00e9s de su titular Gloria Lilia Checa Hern\u00e1ndez, inform\u00f3 que este jueves 24 de noviembre permanecer\u00e1 cerrado el Parque Ju\u00e1rez, as\u00ed como la calle Allende, en el tramo comprendido entre Abasolo y Zaragoza, debido a las actividades programadas con motivo de la conmemoraci\u00f3n del D\u00eda de Muertos.<\/p>\n\n\n\n<p>La funcionaria explic\u00f3 que estas medidas buscan garantizar la seguridad y el libre desarrollo de las actividades culturales y tradicionales que se llevar\u00e1n a cabo en la zona centro, por lo que se recomienda a la poblaci\u00f3n tomar previsiones en sus traslados y respetar los cierres viales.<\/p>\n\n\n\n<p>Asimismo, Checa Hern\u00e1ndez se\u00f1al\u00f3 que, en coordinaci\u00f3n con la Polic\u00eda Estatal y la Guardia Nacional, se implementar\u00e1 un operativo especial de vigilancia y patrullaje disuasivo, con el prop\u00f3sito de mantener el orden p\u00fablico, prevenir incidentes y salvaguardar la integridad de las y los asistentes.<\/p>\n\n\n\n<p>\u201cEl objetivo es que las familias puedan disfrutar de estas fechas con tranquilidad. Estaremos presentes en diferentes puntos estrat\u00e9gicos para brindar apoyo y atenci\u00f3n ante cualquier situaci\u00f3n\u201d, subray\u00f3.<\/p>\n\n\n\n<p>Finalmente, la Directora de Seguridad P\u00fablica hizo un llamado a la ciudadan\u00eda a mantener el orden, respetar las indicaciones de las autoridades y cuidar sus pertenencias, ya que se prev\u00e9 una importante afluencia de visitantes durante las celebraciones.<\/p>\n","protected":false},"excerpt":{"rendered":"<p>La Direcci\u00f3n de Seguridad P\u00fablica Municipal, a trav\u00e9s de su titular Gloria Lilia Checa Hern\u00e1ndez, inform\u00f3 que este jueves 24 de noviembre permanecer\u00e1 cerrado el Parque Ju\u00e1rez, as\u00ed como la calle Allende, en el tramo comprendido entre Abasolo y Zaragoza, debido a las actividades programadas con motivo de la conmemoraci\u00f3n del D\u00eda de Muertos. La [&hellip;]<\/p>\n","protected":false},"author":9,"featured_media":0,"comment_status":"open","ping_status":"open","sticky":false,"template":"","format":"standard","meta":{"om_disable_all_campaigns":false,"_monsterinsights_skip_tracking":false,"_monsterinsights_sitenote_active":false,"_monsterinsights_sitenote_note":"","_monsterinsights_sitenote_category":0,"jnews-multi-image_gallery":[],"jnews_single_post":{"format":"standard"},"jnews_primary_category":[],"footnotes":""},"categories":[1],"tags":[],"class_list":["post-99007","post","type-post","status-publish","format-standard","hentry","category-uncategorized"],"aioseo_notices":[],"_links":{"self":[{"href":"https:\/\/estado29.mx\/index.php?rest_route=\/wp\/v2\/posts\/99007","targetHints":{"allow":["GET"]}}],"collection":[{"href":"https:\/\/estado29.mx\/index.php?rest_route=\/wp\/v2\/posts"}],"about":[{"href":"https:\/\/estado29.mx\/index.php?rest_route=\/wp\/v2\/types\/post"}],"author":[{"embeddable":true,"href":"https:\/\/estado29.mx\/index.php?rest_route=\/wp\/v2\/users\/9"}],"replies":[{"embeddable":true,"href":"https:\/\/estado29.mx\/index.php?rest_route=%2Fwp%2Fv2%2Fcomments&post=99007"}],"version-history":[{"count":1,"href":"https:\/\/estado29.mx\/index.php?rest_route=\/wp\/v2\/posts\/99007\/revisions"}],"predecessor-version":[{"id":99010,"href":"https:\/\/estado29.mx\/index.php?rest_route=\/wp\/v2\/posts\/99007\/revisions\/99010"}],"wp:attachment":[{"href":"https:\/\/estado29.mx\/index.php?rest_route=%2Fwp%2Fv2%2Fmedia&parent=99007"}],"wp:term":[{"taxonomy":"category","embeddable":true,"href":"https:\/\/estado29.mx\/index.php?rest_route=%2Fwp%2Fv2%2Fcategories&post=99007"},{"taxonomy":"post_tag","embeddable":true,"href":"https:\/\/estado29.mx\/index.php?rest_route=%2Fwp%2Fv2%2Ftags&post=99007"}],"curies":[{"name":"wp","href":"https:\/\/api.w.org\/{rel}","templated":true}]}}