{"id":99020,"date":"2025-10-23T08:19:27","date_gmt":"2025-10-23T14:19:27","guid":{"rendered":"https:\/\/estado29.mx\/?p=99020"},"modified":"2025-10-23T08:19:29","modified_gmt":"2025-10-23T14:19:29","slug":"tlaxcala-celebra-con-orgullo-el-dia-del-ministerio-publico","status":"publish","type":"post","link":"https:\/\/estado29.mx\/?p=99020","title":{"rendered":"Tlaxcala celebra con orgullo el d\u00eda del ministerio p\u00fablico"},"content":{"rendered":"\n<p><\/p>\n\n\n\n<p>*Lorena Cu\u00e9llar entreg\u00f3 reconocimientos a quienes, con \u00e9tica y vocaci\u00f3n, garantizan justicia y seguridad para la sociedad<\/p>\n\n\n\n<p>La gobernadora Lorena Cu\u00e9llar Cisneros conmemor\u00f3 este mi\u00e9rcoles 22 de octubre el D\u00eda del Ministerio P\u00fablico, reconociendo la entrega y dedicaci\u00f3n de quienes defienden la verdad, protegen a las v\u00edctimas y procuran justicia con firmeza y sensibilidad humana.<\/p>\n\n\n\n<p>En su mensaje, destac\u00f3 que \u201cser Ministerio P\u00fablico es defender la verdad, proteger a las v\u00edctimas y procurar la justicia con humildad y firmeza\u201d, y subray\u00f3 la responsabilidad \u00e9tica que recae en cada agente para garantizar que la justicia sea un derecho pleno para todas y todos, no un privilegio de unos cuantos.<\/p>\n\n\n\n<p>Cu\u00e9llar Cisneros record\u00f3 que los ministerios p\u00fablicos son un pilar fundamental del Estado de Derecho, pues su labor va m\u00e1s all\u00e1 de perseguir delitos: \u201cUstedes no solo aplican la ley, le dan sentido, la hacen humana y la vuelven el puente entre la ignorancia y la paz\u201d.<\/p>\n\n\n\n<p>\u201cSu labor nos recuerda que la transformaci\u00f3n de M\u00e9xico tambi\u00e9n se construye fortaleciendo la justicia, devolviendo la confianza al pueblo y demostrando que el servicio p\u00fablico es un acto de amor por la gente. Muchas felicidades a todos en su d\u00eda\u201d, concluy\u00f3 la mandataria estatal.<\/p>\n\n\n\n<p>La titular de la Fiscal\u00eda General de Justicia del Estado (FGJE), Ernestina Carro Rold\u00e1n, agradeci\u00f3 la presencia de la gobernadora y autoridades de los tres poderes, enfatizando que \u201ceste apoyo nos ha permitido tener mejores salarios, mejores instalaciones y una fiscal\u00eda fortalecida, humana y al servicio de la sociedad\u201d.<\/p>\n\n\n\n<p>Dio a conocer los resultados hist\u00f3ricos obtenidos en el combate a delitos de alto impacto: \u201cSolo en este a\u00f1o, en materia de secuestro contamos con 14 sentencias que suman 1861 a\u00f1os de prisi\u00f3n; en violencia de g\u00e9nero 11 sentencias con 568 a\u00f1os de condena; y en homicidios 29 sentencias con 975 a\u00f1os de prisi\u00f3n, cifras que reflejan nuestro compromiso con la justicia y la protecci\u00f3n de las v\u00edctimas\u201d.<\/p>\n\n\n\n<p>Carro Rold\u00e1n agreg\u00f3 que estos logros son posibles gracias a la entrega diaria de cada agente, perito y personal de la fiscal\u00eda, quienes asumen con \u00e9tica, profesionalismo e imparcialidad la responsabilidad de servir a la sociedad.<\/p>\n\n\n\n<p>El agente de Ministerio P\u00fablico, Israel Ventura Aguilar, expres\u00f3 su reconocimiento a sus compa\u00f1eros: \u201cConsidero que ser agente del Ministerio P\u00fablico es un estilo de vida; un privilegio que conlleva responsabilidad, sacrificio y pasi\u00f3n por la justicia\u201d, destacando la vocaci\u00f3n de servicio que distingue a quienes integran esta noble instituci\u00f3n.<\/p>\n\n\n\n<p>En el marco de la celebraci\u00f3n, las autoridades entregaron reconocimientos por su valiosa colaboraci\u00f3n, responsabilidad y profesionalismo a Israel Ventura Aguilar, Araceli Gallegos Serrano, Jos\u00e9 Aguilar Cantero, Sara\u00ed Vanessa Hern\u00e1ndez Ram\u00edrez y Jorge Andr\u00e9s Dorantes Navarrete, recibiendo un fuerte aplauso por su dedicaci\u00f3n.<\/p>\n\n\n\n<p>Asimismo, se destac\u00f3 la inauguraci\u00f3n reciente del Consejo de Fiscal\u00eda no especializada, un espacio moderno y digno para la atenci\u00f3n integral de las v\u00edctimas, incluyendo acompa\u00f1amiento psicol\u00f3gico y servicios especializados, reforzando la justicia cercana y humana.<\/p>\n\n\n\n<p>El evento cont\u00f3 la presencia del titular de la Secretar\u00eda de Seguridad Ciudadana (SSC), Alberto Mart\u00edn Perea Marrufo; las presidentas de la mesa directiva del Congreso local, Maribel Le\u00f3n Cruz, y del Tribunal Superior de Justicia del Estado (TSJE), Fanny Margarita Amador Montes, as\u00ed como representantes de la Guardia Nacional y autoridades militares<\/p>\n","protected":false},"excerpt":{"rendered":"<p>*Lorena Cu\u00e9llar entreg\u00f3 reconocimientos a quienes, con \u00e9tica y vocaci\u00f3n, garantizan justicia y seguridad para la sociedad La gobernadora Lorena Cu\u00e9llar Cisneros conmemor\u00f3 este mi\u00e9rcoles 22 de octubre el D\u00eda del Ministerio P\u00fablico, reconociendo la entrega y dedicaci\u00f3n de quienes defienden la verdad, protegen a las v\u00edctimas y procuran justicia con firmeza y sensibilidad humana. [&hellip;]<\/p>\n","protected":false},"author":4,"featured_media":99021,"comment_status":"open","ping_status":"open","sticky":false,"template":"","format":"standard","meta":{"om_disable_all_campaigns":false,"_monsterinsights_skip_tracking":false,"_monsterinsights_sitenote_active":false,"_monsterinsights_sitenote_note":"","_monsterinsights_sitenote_category":0,"jnews-multi-image_gallery":[],"jnews_single_post":{"format":"standard"},"jnews_primary_category":[],"footnotes":""},"categories":[1],"tags":[],"class_list":["post-99020","post","type-post","status-publish","format-standard","has-post-thumbnail","hentry","category-uncategorized"],"aioseo_notices":[],"_links":{"self":[{"href":"https:\/\/estado29.mx\/index.php?rest_route=\/wp\/v2\/posts\/99020","targetHints":{"allow":["GET"]}}],"collection":[{"href":"https:\/\/estado29.mx\/index.php?rest_route=\/wp\/v2\/posts"}],"about":[{"href":"https:\/\/estado29.mx\/index.php?rest_route=\/wp\/v2\/types\/post"}],"author":[{"embeddable":true,"href":"https:\/\/estado29.mx\/index.php?rest_route=\/wp\/v2\/users\/4"}],"replies":[{"embeddable":true,"href":"https:\/\/estado29.mx\/index.php?rest_route=%2Fwp%2Fv2%2Fcomments&post=99020"}],"version-history":[{"count":1,"href":"https:\/\/estado29.mx\/index.php?rest_route=\/wp\/v2\/posts\/99020\/revisions"}],"predecessor-version":[{"id":99022,"href":"https:\/\/estado29.mx\/index.php?rest_route=\/wp\/v2\/posts\/99020\/revisions\/99022"}],"wp:featuredmedia":[{"embeddable":true,"href":"https:\/\/estado29.mx\/index.php?rest_route=\/wp\/v2\/media\/99021"}],"wp:attachment":[{"href":"https:\/\/estado29.mx\/index.php?rest_route=%2Fwp%2Fv2%2Fmedia&parent=99020"}],"wp:term":[{"taxonomy":"category","embeddable":true,"href":"https:\/\/estado29.mx\/index.php?rest_route=%2Fwp%2Fv2%2Fcategories&post=99020"},{"taxonomy":"post_tag","embeddable":true,"href":"https:\/\/estado29.mx\/index.php?rest_route=%2Fwp%2Fv2%2Ftags&post=99020"}],"curies":[{"name":"wp","href":"https:\/\/api.w.org\/{rel}","templated":true}]}}