{"id":99023,"date":"2025-10-23T08:22:54","date_gmt":"2025-10-23T14:22:54","guid":{"rendered":"https:\/\/estado29.mx\/?p=99023"},"modified":"2025-10-23T08:23:16","modified_gmt":"2025-10-23T14:23:16","slug":"99023","status":"publish","type":"post","link":"https:\/\/estado29.mx\/?p=99023","title":{"rendered":"La bas\u00edlica de Ocotl\u00e1n resplandece con nueva iluminaci\u00f3n arquitect\u00f3nica"},"content":{"rendered":"\n<p><\/p>\n\n\n\n<p>*El Gobierno del Estado fortalece el turismo cultural y religioso con un proyecto que preserva el patrimonio y celebra la identidad tlaxcalteca<\/p>\n\n\n\n<p>La gobernadora Lorena Cu\u00e9llar Cisneros inaugur\u00f3 la iluminaci\u00f3n arquitect\u00f3nica de la Bas\u00edlica de Nuestra Se\u00f1ora de Ocotl\u00e1n, una obra que, adem\u00e1s de realzar el valor hist\u00f3rico y art\u00edstico del recinto, busca fortalecer el turismo cultural y religioso de Tlaxcala.<\/p>\n\n\n\n<p>\u201cHoy, al encender estas luces, iluminamos tambi\u00e9n la historia, la fe y el coraz\u00f3n de todo un pueblo. Tlaxcala brilla cuando su historia se ilumina, cuando su cultura se comparte y cuando su gente se une para cuidar lo que m\u00e1s ama\u201d, expres\u00f3.<\/p>\n\n\n\n<p>Cu\u00e9llar Cisneros destac\u00f3 que la iluminaci\u00f3n de la Bas\u00edlica -con una inversi\u00f3n estatal de 6 millones 920 mil pesos- representa el compromiso de su gobierno con la preservaci\u00f3n del patrimonio y la promoci\u00f3n de la identidad tlaxcalteca.<\/p>\n\n\n\n<p>\u201cEn mi gobierno creemos que el patrimonio cultural no es s\u00f3lo un recuerdo del pasado, sino una herramienta viva para construir el futuro. Cada acci\u00f3n para rescatar, restaurar o iluminar un templo, una plaza o una calle, fortalece nuestra identidad, atrae visitantes, genera empleo y fomenta el orgullo de ser tlaxcaltecas\u201d, puntualiz\u00f3.<\/p>\n\n\n\n<p>Durante la ceremonia, la gobernadora subray\u00f3 que esta nueva iluminaci\u00f3n representa mucho m\u00e1s que una intervenci\u00f3n arquitect\u00f3nica: es un s\u00edmbolo de uni\u00f3n, fe y esperanza para el pueblo tlaxcalteca.<\/p>\n\n\n\n<p>Record\u00f3 que, desde el siglo XVIII, este templo ha sido testigo de la devoci\u00f3n y esperanza de miles de familias tlaxcaltecas. Su arquitectura barroca, las torres gemelas, el interior dorado y la fachada de talavera -reconocidas por el Instituto Nacional de Antropolog\u00eda e Historia (INAH)-, lo convierten en una joya del patrimonio novohispano y nacional.<\/p>\n\n\n\n<p>Por su parte, el obispo de la Di\u00f3cesis de Tlaxcala, Julio Cesar Salcedo Aquino, destac\u00f3 el significado espiritual del acto, al se\u00f1alar que la luz, m\u00e1s all\u00e1 de su belleza, representa la presencia viva de la fe y la esperanza del pueblo tlaxcalteca.<\/p>\n\n\n\n<p>Se\u00f1al\u00f3 que esta obra completa una \u201ctrilog\u00eda de luz\u201d, junto con la Catedral de Nuestra Se\u00f1ora de la Asunci\u00f3n y el Templo de San Jos\u00e9, que ahora iluminados \u201cse convierten en centros de identidad y paz para los tlaxcaltecas\u201d.<\/p>\n\n\n\n<p>El obispo de Tlaxcala agradeci\u00f3 a la gobernadora Lorena Cu\u00e9llar por impulsar proyectos que mantienen vivas las ra\u00edces culturales y espirituales de la entidad.<\/p>\n\n\n\n<p>En tanto, el director del Centro INAH en Tlaxcala, Jos\u00e9 Vicente de la Rosa Herrera, destac\u00f3 el cumplimiento del compromiso asumido tras la intervenci\u00f3n del templo de San Jos\u00e9, al concretarse ahora la iluminaci\u00f3n de Ocotl\u00e1n.<\/p>\n\n\n\n<p>El secretario de Infraestructura, Eduardo Rub\u00e9n Hern\u00e1ndez Tapia, explic\u00f3 que la intervenci\u00f3n comprendi\u00f3 cuatro zonas principales -la Capilla de Guadalupe, la fachada principal, las torres y atrio de peregrinos, y la Casa de los Ejercicios Espirituales-, todas con tratamientos lum\u00ednicos espec\u00edficos que resaltan la riqueza del barroco tlaxcalteca.<\/p>\n\n\n\n<p>\u201cEl proyecto reafirma el valor hist\u00f3rico y espiritual del templo. La luz transforma la estructura en un espect\u00e1culo visual que permitir\u00e1 a locales y visitantes redescubrir la majestuosidad del santuario\u201d, se\u00f1al\u00f3.<\/p>\n\n\n\n<p>En su mensaje, el presidente municipal de Tlaxcala, Alfonso S\u00e1nchez Garc\u00eda, destac\u00f3 que, con esta obra, la capital suma un nuevo espacio patrimonial iluminado, logrando que Tlaxcala \u201cluzca en todo su esplendor\u201d en el marco de los 500 a\u00f1os de su fundaci\u00f3n.<\/p>\n\n\n\n<p>La ceremonia congreg\u00f3 a autoridades estatales, representantes eclesi\u00e1sticos, feligreses y visitantes que se dieron cita para presenciar el momento en que la Bas\u00edlica de Ocotl\u00e1n volvi\u00f3 a resplandecer como uno de los s\u00edmbolos m\u00e1s entra\u00f1ables de Tlaxcala.<\/p>\n\n\n\n<p>Al evento asistieron Fanny Margarita Amador Fuentes, presidenta del Tribunal Superior de Justicia del Estado; Maribel Le\u00f3n Cruz, presidenta de la Mesa Directiva del Congreso del Estado; el presb\u00edtero Elpidio P\u00e9rez Portilla, p\u00e1rroco de la Bas\u00edlica de Nuestra Se\u00f1ora de Ocotl\u00e1n; y Fabricio Mena Rodr\u00edguez, secretario de Turismo.<\/p>\n","protected":false},"excerpt":{"rendered":"<p>*El Gobierno del Estado fortalece el turismo cultural y religioso con un proyecto que preserva el patrimonio y celebra la identidad tlaxcalteca La gobernadora Lorena Cu\u00e9llar Cisneros inaugur\u00f3 la iluminaci\u00f3n arquitect\u00f3nica de la Bas\u00edlica de Nuestra Se\u00f1ora de Ocotl\u00e1n, una obra que, adem\u00e1s de realzar el valor hist\u00f3rico y art\u00edstico del recinto, busca fortalecer el [&hellip;]<\/p>\n","protected":false},"author":4,"featured_media":99024,"comment_status":"open","ping_status":"open","sticky":false,"template":"","format":"standard","meta":{"om_disable_all_campaigns":false,"_monsterinsights_skip_tracking":false,"_monsterinsights_sitenote_active":false,"_monsterinsights_sitenote_note":"","_monsterinsights_sitenote_category":0,"jnews-multi-image_gallery":[],"jnews_single_post":{"format":"standard"},"jnews_primary_category":[],"footnotes":""},"categories":[1],"tags":[],"class_list":["post-99023","post","type-post","status-publish","format-standard","has-post-thumbnail","hentry","category-uncategorized"],"aioseo_notices":[],"_links":{"self":[{"href":"https:\/\/estado29.mx\/index.php?rest_route=\/wp\/v2\/posts\/99023","targetHints":{"allow":["GET"]}}],"collection":[{"href":"https:\/\/estado29.mx\/index.php?rest_route=\/wp\/v2\/posts"}],"about":[{"href":"https:\/\/estado29.mx\/index.php?rest_route=\/wp\/v2\/types\/post"}],"author":[{"embeddable":true,"href":"https:\/\/estado29.mx\/index.php?rest_route=\/wp\/v2\/users\/4"}],"replies":[{"embeddable":true,"href":"https:\/\/estado29.mx\/index.php?rest_route=%2Fwp%2Fv2%2Fcomments&post=99023"}],"version-history":[{"count":2,"href":"https:\/\/estado29.mx\/index.php?rest_route=\/wp\/v2\/posts\/99023\/revisions"}],"predecessor-version":[{"id":99027,"href":"https:\/\/estado29.mx\/index.php?rest_route=\/wp\/v2\/posts\/99023\/revisions\/99027"}],"wp:featuredmedia":[{"embeddable":true,"href":"https:\/\/estado29.mx\/index.php?rest_route=\/wp\/v2\/media\/99024"}],"wp:attachment":[{"href":"https:\/\/estado29.mx\/index.php?rest_route=%2Fwp%2Fv2%2Fmedia&parent=99023"}],"wp:term":[{"taxonomy":"category","embeddable":true,"href":"https:\/\/estado29.mx\/index.php?rest_route=%2Fwp%2Fv2%2Fcategories&post=99023"},{"taxonomy":"post_tag","embeddable":true,"href":"https:\/\/estado29.mx\/index.php?rest_route=%2Fwp%2Fv2%2Ftags&post=99023"}],"curies":[{"name":"wp","href":"https:\/\/api.w.org\/{rel}","templated":true}]}}