{"id":99038,"date":"2025-10-23T17:08:02","date_gmt":"2025-10-23T23:08:02","guid":{"rendered":"https:\/\/estado29.mx\/?p=99038"},"modified":"2025-10-23T17:08:03","modified_gmt":"2025-10-23T23:08:03","slug":"con-exito-realizan-conferencia-sobre-el-bullying-en-huamantla","status":"publish","type":"post","link":"https:\/\/estado29.mx\/?p=99038","title":{"rendered":"Con \u00e9xito realizan conferencia sobre el bullying en Huamantla."},"content":{"rendered":"\n<p>Paco Ugarte.<\/p>\n\n\n\n<p>Este d\u00eda, el doctor Alejandro Di Grazia Rao en coordinaci\u00f3n con el Sistema de Desarrollo Integral de la Familia en Huamantla realiz\u00f3 la conferencia \u201cCuando el silencio duele \u00bfmi hijo es victima, agresor o testigo?\u201d.<\/p>\n\n\n\n<p>Bajo el lema \u201cEl silencio puede ocultar dolor\u201d es que el ponente abord\u00f3 un tema tan delicado en instituciones educativas, causante de bajas de alumnos, malas calificaciones, cambios de humor y otros estragos en j\u00f3venes principalmente.<\/p>\n\n\n\n<p>Teniendo como escenario la ex cancha 13, ubicada en pleno coraz\u00f3n de Huamantla, el ponente invit\u00f3 a padres de familia as\u00ed como docentes a supervisar el comportamiento de cada joven, pues es bien cierto que como estudiantes son los principales zona de refugio y donde mayor tiempo pasan los estudiantes.<\/p>\n\n\n\n<p>Se\u00f1al\u00f3 que cada cambio no com\u00fan que pasa por cada se\u00f1orita o joven, se tiene que poner cuidado en ello, sin minimizar los problemas para que los adultos puedan ser peque\u00f1os pero para los adolescentes necesitan un apoyo especial.<\/p>\n\n\n\n<p>Finalmente Alejandro Di Grazia, invit\u00f3 a padres de familia y docentes acercarse con especialistas para atender tanto a j\u00f3venes es como a los mismos adultos, tal es el caso de los profesionales en la salud mental quienes se encuentran en el DIF de Huamantla.<\/p>\n","protected":false},"excerpt":{"rendered":"<p>Paco Ugarte. Este d\u00eda, el doctor Alejandro Di Grazia Rao en coordinaci\u00f3n con el Sistema de Desarrollo Integral de la Familia en Huamantla realiz\u00f3 la conferencia \u201cCuando el silencio duele \u00bfmi hijo es victima, agresor o testigo?\u201d. Bajo el lema \u201cEl silencio puede ocultar dolor\u201d es que el ponente abord\u00f3 un tema tan delicado en [&hellip;]<\/p>\n","protected":false},"author":5,"featured_media":99039,"comment_status":"open","ping_status":"open","sticky":false,"template":"","format":"standard","meta":{"om_disable_all_campaigns":false,"_monsterinsights_skip_tracking":false,"_monsterinsights_sitenote_active":false,"_monsterinsights_sitenote_note":"","_monsterinsights_sitenote_category":0,"jnews-multi-image_gallery":[],"jnews_single_post":{"format":"standard"},"jnews_primary_category":[],"footnotes":""},"categories":[1],"tags":[],"class_list":["post-99038","post","type-post","status-publish","format-standard","has-post-thumbnail","hentry","category-uncategorized"],"aioseo_notices":[],"_links":{"self":[{"href":"https:\/\/estado29.mx\/index.php?rest_route=\/wp\/v2\/posts\/99038","targetHints":{"allow":["GET"]}}],"collection":[{"href":"https:\/\/estado29.mx\/index.php?rest_route=\/wp\/v2\/posts"}],"about":[{"href":"https:\/\/estado29.mx\/index.php?rest_route=\/wp\/v2\/types\/post"}],"author":[{"embeddable":true,"href":"https:\/\/estado29.mx\/index.php?rest_route=\/wp\/v2\/users\/5"}],"replies":[{"embeddable":true,"href":"https:\/\/estado29.mx\/index.php?rest_route=%2Fwp%2Fv2%2Fcomments&post=99038"}],"version-history":[{"count":1,"href":"https:\/\/estado29.mx\/index.php?rest_route=\/wp\/v2\/posts\/99038\/revisions"}],"predecessor-version":[{"id":99040,"href":"https:\/\/estado29.mx\/index.php?rest_route=\/wp\/v2\/posts\/99038\/revisions\/99040"}],"wp:featuredmedia":[{"embeddable":true,"href":"https:\/\/estado29.mx\/index.php?rest_route=\/wp\/v2\/media\/99039"}],"wp:attachment":[{"href":"https:\/\/estado29.mx\/index.php?rest_route=%2Fwp%2Fv2%2Fmedia&parent=99038"}],"wp:term":[{"taxonomy":"category","embeddable":true,"href":"https:\/\/estado29.mx\/index.php?rest_route=%2Fwp%2Fv2%2Fcategories&post=99038"},{"taxonomy":"post_tag","embeddable":true,"href":"https:\/\/estado29.mx\/index.php?rest_route=%2Fwp%2Fv2%2Ftags&post=99038"}],"curies":[{"name":"wp","href":"https:\/\/api.w.org\/{rel}","templated":true}]}}