{"id":99041,"date":"2025-10-23T17:11:17","date_gmt":"2025-10-23T23:11:17","guid":{"rendered":"https:\/\/estado29.mx\/?p=99041"},"modified":"2025-10-23T17:11:20","modified_gmt":"2025-10-23T23:11:20","slug":"inauguran-actividades-por-el-aniversario-50-de-la-escuela-lazaro-cardenas-en-ixtenco","status":"publish","type":"post","link":"https:\/\/estado29.mx\/?p=99041","title":{"rendered":"Inauguran actividades por el aniversario 50 de la escuela L\u00e1zaro C\u00e1rdenas en Ixtenco."},"content":{"rendered":"\n<p>Paco Ugarte.<\/p>\n\n\n\n<p>Durante una ceremonia c\u00edvica, autoridades educativas, inauguraron a la semana de actividades propias al aniversario de fundaci\u00f3n de la escuela L\u00e1zaro C\u00e1rdenas, perteneciente al municipio de Ixtenco.<\/p>\n\n\n\n<p>Durante el evento se record\u00f3 a los docentes quienes han formado parte de la historia de la instituci\u00f3n, por lo que se hizo un pase de lista y se realiz\u00f3 la colocaci\u00f3n de una ofrenda florar en su memoria.<\/p>\n\n\n\n<p>Durante este semana de actividades por el aniversario de la escuela L\u00e1zaro C\u00e1rdenas, las autoridades educativas, invitaron a la comunidad estudiantil a participar en ellas, con eventos deportivos, culturales, art\u00edsticos y sociales.&nbsp;<\/p>\n","protected":false},"excerpt":{"rendered":"<p>Paco Ugarte. Durante una ceremonia c\u00edvica, autoridades educativas, inauguraron a la semana de actividades propias al aniversario de fundaci\u00f3n de la escuela L\u00e1zaro C\u00e1rdenas, perteneciente al municipio de Ixtenco. Durante el evento se record\u00f3 a los docentes quienes han formado parte de la historia de la instituci\u00f3n, por lo que se hizo un pase de [&hellip;]<\/p>\n","protected":false},"author":5,"featured_media":99042,"comment_status":"open","ping_status":"open","sticky":false,"template":"","format":"standard","meta":{"om_disable_all_campaigns":false,"_monsterinsights_skip_tracking":false,"_monsterinsights_sitenote_active":false,"_monsterinsights_sitenote_note":"","_monsterinsights_sitenote_category":0,"jnews-multi-image_gallery":[],"jnews_single_post":{"format":"standard"},"jnews_primary_category":[],"footnotes":""},"categories":[1],"tags":[],"class_list":["post-99041","post","type-post","status-publish","format-standard","has-post-thumbnail","hentry","category-uncategorized"],"aioseo_notices":[],"_links":{"self":[{"href":"https:\/\/estado29.mx\/index.php?rest_route=\/wp\/v2\/posts\/99041","targetHints":{"allow":["GET"]}}],"collection":[{"href":"https:\/\/estado29.mx\/index.php?rest_route=\/wp\/v2\/posts"}],"about":[{"href":"https:\/\/estado29.mx\/index.php?rest_route=\/wp\/v2\/types\/post"}],"author":[{"embeddable":true,"href":"https:\/\/estado29.mx\/index.php?rest_route=\/wp\/v2\/users\/5"}],"replies":[{"embeddable":true,"href":"https:\/\/estado29.mx\/index.php?rest_route=%2Fwp%2Fv2%2Fcomments&post=99041"}],"version-history":[{"count":1,"href":"https:\/\/estado29.mx\/index.php?rest_route=\/wp\/v2\/posts\/99041\/revisions"}],"predecessor-version":[{"id":99043,"href":"https:\/\/estado29.mx\/index.php?rest_route=\/wp\/v2\/posts\/99041\/revisions\/99043"}],"wp:featuredmedia":[{"embeddable":true,"href":"https:\/\/estado29.mx\/index.php?rest_route=\/wp\/v2\/media\/99042"}],"wp:attachment":[{"href":"https:\/\/estado29.mx\/index.php?rest_route=%2Fwp%2Fv2%2Fmedia&parent=99041"}],"wp:term":[{"taxonomy":"category","embeddable":true,"href":"https:\/\/estado29.mx\/index.php?rest_route=%2Fwp%2Fv2%2Fcategories&post=99041"},{"taxonomy":"post_tag","embeddable":true,"href":"https:\/\/estado29.mx\/index.php?rest_route=%2Fwp%2Fv2%2Ftags&post=99041"}],"curies":[{"name":"wp","href":"https:\/\/api.w.org\/{rel}","templated":true}]}}