{"id":99044,"date":"2025-10-23T17:15:05","date_gmt":"2025-10-23T23:15:05","guid":{"rendered":"https:\/\/estado29.mx\/?p=99044"},"modified":"2025-10-23T17:15:07","modified_gmt":"2025-10-23T23:15:07","slug":"invita-club-de-autos-tuning-hermanos-montiel-a-desfile-de-dia-de-muertos","status":"publish","type":"post","link":"https:\/\/estado29.mx\/?p=99044","title":{"rendered":"Invita Club de autos tuning Hermanos Montiel a desfile de d\u00eda de muertos."},"content":{"rendered":"\n<p>Con el la finalidad de continuar preservando las costumbres y tradiciones mexicanas, es que el Club de Autos Tuning de Huamantla, ha hecho la convocatoria para participar en su cuarto desfile de \u201cD\u00eda de muertos\u201d pr\u00f3ximo a desarrollarse este 1 de noviembre.<\/p>\n\n\n\n<p>La convocatoria est\u00e1 abierta a toda la ciudadan\u00eda de la cabecera municipal de Huamantla, comunidades y otros municipios quienes pueden participar caminando, en bicicleta, triciclos o carros aleg\u00f3ricos, el \u00fanico requisito es adorno o disfraz propio a la temporada de d\u00eda de muertos, seg\u00fan sea el caso.&nbsp;<\/p>\n\n\n\n<p>Por esta raz\u00f3n Rosalino Montiel, director del Club autos tuning Huamantla \u201cHermanos Montiel\u201d se\u00f1al\u00f3 que el recorrido iniciar\u00e1 en la prolongaci\u00f3n Galeana Oriente en en barrio de San Sebasti\u00e1n, dando inicio a las 6:30 de la tarde.<\/p>\n\n\n\n<p>Finalmente, expres\u00f3 que todo es completamente gratuito, adem\u00e1s de que habr\u00e1 premios sorpresas para los mejores carros aleg\u00f3ricos y disfraces, adem\u00e1s de que se dar\u00e1 la tradicional calaverita a los peque\u00f1os.&nbsp;&nbsp;<\/p>\n","protected":false},"excerpt":{"rendered":"<p>Con el la finalidad de continuar preservando las costumbres y tradiciones mexicanas, es que el Club de Autos Tuning de Huamantla, ha hecho la convocatoria para participar en su cuarto desfile de \u201cD\u00eda de muertos\u201d pr\u00f3ximo a desarrollarse este 1 de noviembre. La convocatoria est\u00e1 abierta a toda la ciudadan\u00eda de la cabecera municipal de [&hellip;]<\/p>\n","protected":false},"author":5,"featured_media":99045,"comment_status":"open","ping_status":"open","sticky":false,"template":"","format":"standard","meta":{"om_disable_all_campaigns":false,"_monsterinsights_skip_tracking":false,"_monsterinsights_sitenote_active":false,"_monsterinsights_sitenote_note":"","_monsterinsights_sitenote_category":0,"jnews-multi-image_gallery":[],"jnews_single_post":{"format":"standard"},"jnews_primary_category":[],"footnotes":""},"categories":[1],"tags":[],"class_list":["post-99044","post","type-post","status-publish","format-standard","has-post-thumbnail","hentry","category-uncategorized"],"aioseo_notices":[],"_links":{"self":[{"href":"https:\/\/estado29.mx\/index.php?rest_route=\/wp\/v2\/posts\/99044","targetHints":{"allow":["GET"]}}],"collection":[{"href":"https:\/\/estado29.mx\/index.php?rest_route=\/wp\/v2\/posts"}],"about":[{"href":"https:\/\/estado29.mx\/index.php?rest_route=\/wp\/v2\/types\/post"}],"author":[{"embeddable":true,"href":"https:\/\/estado29.mx\/index.php?rest_route=\/wp\/v2\/users\/5"}],"replies":[{"embeddable":true,"href":"https:\/\/estado29.mx\/index.php?rest_route=%2Fwp%2Fv2%2Fcomments&post=99044"}],"version-history":[{"count":1,"href":"https:\/\/estado29.mx\/index.php?rest_route=\/wp\/v2\/posts\/99044\/revisions"}],"predecessor-version":[{"id":99046,"href":"https:\/\/estado29.mx\/index.php?rest_route=\/wp\/v2\/posts\/99044\/revisions\/99046"}],"wp:featuredmedia":[{"embeddable":true,"href":"https:\/\/estado29.mx\/index.php?rest_route=\/wp\/v2\/media\/99045"}],"wp:attachment":[{"href":"https:\/\/estado29.mx\/index.php?rest_route=%2Fwp%2Fv2%2Fmedia&parent=99044"}],"wp:term":[{"taxonomy":"category","embeddable":true,"href":"https:\/\/estado29.mx\/index.php?rest_route=%2Fwp%2Fv2%2Fcategories&post=99044"},{"taxonomy":"post_tag","embeddable":true,"href":"https:\/\/estado29.mx\/index.php?rest_route=%2Fwp%2Fv2%2Ftags&post=99044"}],"curies":[{"name":"wp","href":"https:\/\/api.w.org\/{rel}","templated":true}]}}