{"id":99058,"date":"2025-10-24T08:09:20","date_gmt":"2025-10-24T14:09:20","guid":{"rendered":"https:\/\/estado29.mx\/?p=99058"},"modified":"2025-10-24T08:09:22","modified_gmt":"2025-10-24T14:09:22","slug":"inicia-operativo-de-coordinacion-y-videovigilancia-del-c5i-en-la-feria-de-tlaxcala-2025","status":"publish","type":"post","link":"https:\/\/estado29.mx\/?p=99058","title":{"rendered":"Inicia operativo de coordinaci\u00f3n y videovigilancia del C5I en la feria de Tlaxcala 2025"},"content":{"rendered":"\n<p><\/p>\n\n\n\n<p>*Con tecnolog\u00eda avanzada, se busca garantizar un ambiente de seguridad, paz y convivencia familiar<\/p>\n\n\n\n<p>El Centro de Control, Comando, Comunicaciones, C\u00f3mputo, Coordinaci\u00f3n e Inteligencia de Tlaxcala (C5i) inici\u00f3 su operativo especial de coordinaci\u00f3n y videovigilancia en el recinto de \u201cTlaxcala, la feria de ferias 2025\u201d, de este 23 de octubre al 17 de noviembre, con el prop\u00f3sito de fortalecer la prevenci\u00f3n, vigilancia y atenci\u00f3n inmediata ante cualquier eventualidad.<\/p>\n\n\n\n<p>La Orden Particular de Operaciones contempla el despliegue de arcos m\u00f3viles de detecci\u00f3n de metales, bandas de inspecci\u00f3n, equipos de rayos X y dispositivos t\u00e1cticos de video en los principales accesos al recinto, lo que va reforzar una revisi\u00f3n m\u00e1s \u00e1gil y segura del ingreso de personas y objetos.<\/p>\n\n\n\n<p>Adem\u00e1s, se instalaron c\u00e1maras de videovigilancia al interior y exterior del recinto, integradas a la red estatal del C5i, que van a garantizar un monitoreo constante y en tiempo real en las zonas de mayor afluencia, vialidades y \u00e1reas de acceso, reforzando la capacidad de respuesta ante cualquier incidencia.<\/p>\n\n\n\n<p>El operativo incorpora tambi\u00e9n tecnolog\u00eda de anal\u00edticos, herramienta que contribuye a la identificaci\u00f3n oportuna de personas vinculadas a posibles hechos delictivos o situaciones de riesgo.<\/p>\n\n\n\n<p>De manera complementaria, el C5i instal\u00f3 un Centro de Mando en la Feria de Tlaxcala 2025, desde donde se coordinar\u00e1 la atenci\u00f3n de los reportes ciudadanos realizados a las l\u00edneas 9-1-1 y 089; al igual, se enlazar\u00e1n las acciones operativas con las distintas dependencias de seguridad.<\/p>\n\n\n\n<p>Asimismo, el C5i va a trabajar de manera estrecha con el Gabinete de Seguridad de Tlaxcala para integrar esfuerzos y estrategias que consoliden un esquema de seguridad integral a beneficio de las y los tlaxcaltecas.<\/p>\n\n\n\n<p>Con estas acciones, el C5i de Tlaxcala refrenda su compromiso con la seguridad y el bienestar social, asegurando que la Feria Tlaxcala 2025 se viva en un ambiente de paz, orden y tranquilidad.<\/p>\n","protected":false},"excerpt":{"rendered":"<p>*Con tecnolog\u00eda avanzada, se busca garantizar un ambiente de seguridad, paz y convivencia familiar El Centro de Control, Comando, Comunicaciones, C\u00f3mputo, Coordinaci\u00f3n e Inteligencia de Tlaxcala (C5i) inici\u00f3 su operativo especial de coordinaci\u00f3n y videovigilancia en el recinto de \u201cTlaxcala, la feria de ferias 2025\u201d, de este 23 de octubre al 17 de noviembre, con [&hellip;]<\/p>\n","protected":false},"author":4,"featured_media":99059,"comment_status":"open","ping_status":"open","sticky":false,"template":"","format":"standard","meta":{"om_disable_all_campaigns":false,"_monsterinsights_skip_tracking":false,"_monsterinsights_sitenote_active":false,"_monsterinsights_sitenote_note":"","_monsterinsights_sitenote_category":0,"jnews-multi-image_gallery":[],"jnews_single_post":{"format":"standard"},"jnews_primary_category":[],"footnotes":""},"categories":[1],"tags":[],"class_list":["post-99058","post","type-post","status-publish","format-standard","has-post-thumbnail","hentry","category-uncategorized"],"aioseo_notices":[],"_links":{"self":[{"href":"https:\/\/estado29.mx\/index.php?rest_route=\/wp\/v2\/posts\/99058","targetHints":{"allow":["GET"]}}],"collection":[{"href":"https:\/\/estado29.mx\/index.php?rest_route=\/wp\/v2\/posts"}],"about":[{"href":"https:\/\/estado29.mx\/index.php?rest_route=\/wp\/v2\/types\/post"}],"author":[{"embeddable":true,"href":"https:\/\/estado29.mx\/index.php?rest_route=\/wp\/v2\/users\/4"}],"replies":[{"embeddable":true,"href":"https:\/\/estado29.mx\/index.php?rest_route=%2Fwp%2Fv2%2Fcomments&post=99058"}],"version-history":[{"count":1,"href":"https:\/\/estado29.mx\/index.php?rest_route=\/wp\/v2\/posts\/99058\/revisions"}],"predecessor-version":[{"id":99060,"href":"https:\/\/estado29.mx\/index.php?rest_route=\/wp\/v2\/posts\/99058\/revisions\/99060"}],"wp:featuredmedia":[{"embeddable":true,"href":"https:\/\/estado29.mx\/index.php?rest_route=\/wp\/v2\/media\/99059"}],"wp:attachment":[{"href":"https:\/\/estado29.mx\/index.php?rest_route=%2Fwp%2Fv2%2Fmedia&parent=99058"}],"wp:term":[{"taxonomy":"category","embeddable":true,"href":"https:\/\/estado29.mx\/index.php?rest_route=%2Fwp%2Fv2%2Fcategories&post=99058"},{"taxonomy":"post_tag","embeddable":true,"href":"https:\/\/estado29.mx\/index.php?rest_route=%2Fwp%2Fv2%2Ftags&post=99058"}],"curies":[{"name":"wp","href":"https:\/\/api.w.org\/{rel}","templated":true}]}}