{"id":99061,"date":"2025-10-24T12:07:53","date_gmt":"2025-10-24T18:07:53","guid":{"rendered":"https:\/\/estado29.mx\/?p=99061"},"modified":"2025-10-24T12:07:54","modified_gmt":"2025-10-24T18:07:54","slug":"clausura-del-cuadragesimo-festival-internacional-de-titeres-de-tlaxcala","status":"publish","type":"post","link":"https:\/\/estado29.mx\/?p=99061","title":{"rendered":"Clausura del Cuadrag\u00e9simo Festival Internacional de T\u00edteres de Tlaxcala"},"content":{"rendered":"\n<figure class=\"wp-block-image size-full\"><img loading=\"lazy\" decoding=\"async\" width=\"607\" height=\"680\" src=\"https:\/\/estado29.mx\/wp-content\/uploads\/2025\/10\/image-32.png\" alt=\"\" class=\"wp-image-99062\" srcset=\"https:\/\/estado29.mx\/wp-content\/uploads\/2025\/10\/image-32.png 607w, https:\/\/estado29.mx\/wp-content\/uploads\/2025\/10\/image-32-268x300.png 268w\" sizes=\"auto, (max-width: 607px) 100vw, 607px\" \/><\/figure>\n\n\n\n<p>El Director del Museo Nacional del T\u00edtere, Ignacio Tapio, destac\u00f3 que este domingo 26 de octubre a las 5 de la tarde se llevar\u00e1 a cabo la ceremonia de clausura del Cuadrag\u00e9simo Festival Internacional de T\u00edteres de Tlaxcala, en el Teatro Abierto del Museo Nacional del T\u00edtere.<\/p>\n\n\n\n<p>En un evento lleno de emoci\u00f3n, arte y reconocimiento, se har\u00e1 entrega de la Presea \u201cRosete Aranda\u201d a la Mtra. Beatriz Paredes Rangel, en honor a su contribuci\u00f3n al arte y la cultura.<\/p>\n\n\n\n<p>La clausura ser\u00e1 una tarde de celebraci\u00f3n, historia y tradici\u00f3n, en la que se reconocer\u00e1 el talento y la dedicaci\u00f3n que han mantenido viva esta importante manifestaci\u00f3n art\u00edstica.<\/p>\n\n\n\n<p>\ud83d\udcc5 Fecha: Domingo 26 de octubre<br>\ud83d\udd54 Hora: 5:00 de la tarde<br>\ud83d\udccd Lugar: Teatro Abierto del Museo Nacional del T\u00edtere<\/p>\n","protected":false},"excerpt":{"rendered":"<p>El Director del Museo Nacional del T\u00edtere, Ignacio Tapio, destac\u00f3 que este domingo 26 de octubre a las 5 de la tarde se llevar\u00e1 a cabo la ceremonia de clausura del Cuadrag\u00e9simo Festival Internacional de T\u00edteres de Tlaxcala, en el Teatro Abierto del Museo Nacional del T\u00edtere. En un evento lleno de emoci\u00f3n, arte y [&hellip;]<\/p>\n","protected":false},"author":9,"featured_media":0,"comment_status":"open","ping_status":"open","sticky":false,"template":"","format":"standard","meta":{"om_disable_all_campaigns":false,"_monsterinsights_skip_tracking":false,"_monsterinsights_sitenote_active":false,"_monsterinsights_sitenote_note":"","_monsterinsights_sitenote_category":0,"jnews-multi-image_gallery":[],"jnews_single_post":{"format":"standard"},"jnews_primary_category":[],"footnotes":""},"categories":[1],"tags":[],"class_list":["post-99061","post","type-post","status-publish","format-standard","hentry","category-uncategorized"],"aioseo_notices":[],"_links":{"self":[{"href":"https:\/\/estado29.mx\/index.php?rest_route=\/wp\/v2\/posts\/99061","targetHints":{"allow":["GET"]}}],"collection":[{"href":"https:\/\/estado29.mx\/index.php?rest_route=\/wp\/v2\/posts"}],"about":[{"href":"https:\/\/estado29.mx\/index.php?rest_route=\/wp\/v2\/types\/post"}],"author":[{"embeddable":true,"href":"https:\/\/estado29.mx\/index.php?rest_route=\/wp\/v2\/users\/9"}],"replies":[{"embeddable":true,"href":"https:\/\/estado29.mx\/index.php?rest_route=%2Fwp%2Fv2%2Fcomments&post=99061"}],"version-history":[{"count":1,"href":"https:\/\/estado29.mx\/index.php?rest_route=\/wp\/v2\/posts\/99061\/revisions"}],"predecessor-version":[{"id":99063,"href":"https:\/\/estado29.mx\/index.php?rest_route=\/wp\/v2\/posts\/99061\/revisions\/99063"}],"wp:attachment":[{"href":"https:\/\/estado29.mx\/index.php?rest_route=%2Fwp%2Fv2%2Fmedia&parent=99061"}],"wp:term":[{"taxonomy":"category","embeddable":true,"href":"https:\/\/estado29.mx\/index.php?rest_route=%2Fwp%2Fv2%2Fcategories&post=99061"},{"taxonomy":"post_tag","embeddable":true,"href":"https:\/\/estado29.mx\/index.php?rest_route=%2Fwp%2Fv2%2Ftags&post=99061"}],"curies":[{"name":"wp","href":"https:\/\/api.w.org\/{rel}","templated":true}]}}