{"id":99079,"date":"2025-10-26T07:42:48","date_gmt":"2025-10-26T13:42:48","guid":{"rendered":"https:\/\/estado29.mx\/?p=99079"},"modified":"2025-10-26T07:42:49","modified_gmt":"2025-10-26T13:42:49","slug":"un-muerto-y-algunos-lesionados-deja-rina-en-xicotencatl-huamantla","status":"publish","type":"post","link":"https:\/\/estado29.mx\/?p=99079","title":{"rendered":"Un muerto y algunos lesionados deja ri\u00f1a en Xicot\u00e9ncatl, Huamantla."},"content":{"rendered":"\n<p>Paco Ugarte.<\/p>\n\n\n\n<p>Durante la madrugada de este domingo, se registr\u00f3 una ri\u00f1a entre j\u00f3venes de distintas \u201cbandas\u201d en la comunidad de San Jos\u00e9 Xicot\u00e9ncatl, perteneciente al municipio de Huamantla.<\/p>\n\n\n\n<p>Los hechos se derivaron de un baile sonidero que se registraba sobre la calle 16 de septiembre y Guerrero, cuando dos grupos de j\u00f3venes iniciaron una gresca a consecuencia del exceso de alcohol y otras sustancias que proliferan en ese tipo de eventos.<\/p>\n\n\n\n<p>Al lugar arribaron elementos de seguridad y param\u00e9dicos quienes \u00fanicamente confirmaron la carencia de signos vitales de un joven que se encontraba recostado en el suelo y no respond\u00eda a ning\u00fan tipo de est\u00edmulo, tras los fuertes golpes que hab\u00eda recibido.<\/p>\n\n\n\n<p>En este tenor la zona fue acordonada en espera de personal del Instituto de Ciencias Forenses (INCIFO) para realizar el levantamiento del cuerpo, as\u00ed como la Fiscal\u00eda General de Justicia del Estado de Tlaxcala (FGJE) quien se encarg\u00f3 de abrir una carpeta de investigaci\u00f3n para dar con el paradero de los responsables.<\/p>\n\n\n\n<p>A pesar de que se mantiene en Huamantla el operativo \u201cCero Tolerancia\u201d que proh\u00edbe la realizaci\u00f3n de bailes sonideros y fiestas en la v\u00eda p\u00fablica, este fin de semana aumentaron considerablemente en distintas comunidades del pueblo m\u00e1gico.<\/p>\n","protected":false},"excerpt":{"rendered":"<p>Paco Ugarte. Durante la madrugada de este domingo, se registr\u00f3 una ri\u00f1a entre j\u00f3venes de distintas \u201cbandas\u201d en la comunidad de San Jos\u00e9 Xicot\u00e9ncatl, perteneciente al municipio de Huamantla. Los hechos se derivaron de un baile sonidero que se registraba sobre la calle 16 de septiembre y Guerrero, cuando dos grupos de j\u00f3venes iniciaron una [&hellip;]<\/p>\n","protected":false},"author":5,"featured_media":99080,"comment_status":"open","ping_status":"open","sticky":false,"template":"","format":"standard","meta":{"om_disable_all_campaigns":false,"_monsterinsights_skip_tracking":false,"_monsterinsights_sitenote_active":false,"_monsterinsights_sitenote_note":"","_monsterinsights_sitenote_category":0,"jnews-multi-image_gallery":[],"jnews_single_post":{"format":"standard"},"jnews_primary_category":[],"footnotes":""},"categories":[1],"tags":[],"class_list":["post-99079","post","type-post","status-publish","format-standard","has-post-thumbnail","hentry","category-uncategorized"],"aioseo_notices":[],"_links":{"self":[{"href":"https:\/\/estado29.mx\/index.php?rest_route=\/wp\/v2\/posts\/99079","targetHints":{"allow":["GET"]}}],"collection":[{"href":"https:\/\/estado29.mx\/index.php?rest_route=\/wp\/v2\/posts"}],"about":[{"href":"https:\/\/estado29.mx\/index.php?rest_route=\/wp\/v2\/types\/post"}],"author":[{"embeddable":true,"href":"https:\/\/estado29.mx\/index.php?rest_route=\/wp\/v2\/users\/5"}],"replies":[{"embeddable":true,"href":"https:\/\/estado29.mx\/index.php?rest_route=%2Fwp%2Fv2%2Fcomments&post=99079"}],"version-history":[{"count":1,"href":"https:\/\/estado29.mx\/index.php?rest_route=\/wp\/v2\/posts\/99079\/revisions"}],"predecessor-version":[{"id":99081,"href":"https:\/\/estado29.mx\/index.php?rest_route=\/wp\/v2\/posts\/99079\/revisions\/99081"}],"wp:featuredmedia":[{"embeddable":true,"href":"https:\/\/estado29.mx\/index.php?rest_route=\/wp\/v2\/media\/99080"}],"wp:attachment":[{"href":"https:\/\/estado29.mx\/index.php?rest_route=%2Fwp%2Fv2%2Fmedia&parent=99079"}],"wp:term":[{"taxonomy":"category","embeddable":true,"href":"https:\/\/estado29.mx\/index.php?rest_route=%2Fwp%2Fv2%2Fcategories&post=99079"},{"taxonomy":"post_tag","embeddable":true,"href":"https:\/\/estado29.mx\/index.php?rest_route=%2Fwp%2Fv2%2Ftags&post=99079"}],"curies":[{"name":"wp","href":"https:\/\/api.w.org\/{rel}","templated":true}]}}