{"id":99082,"date":"2025-10-26T16:59:01","date_gmt":"2025-10-26T22:59:01","guid":{"rendered":"https:\/\/estado29.mx\/?p=99082"},"modified":"2025-10-26T16:59:03","modified_gmt":"2025-10-26T22:59:03","slug":"choque-frontal-deja-dos-personas-muertas-y-dos-mas-prensadas-en-zitlaltepec","status":"publish","type":"post","link":"https:\/\/estado29.mx\/?p=99082","title":{"rendered":"Choque frontal deja dos personas muertas y dos m\u00e1s prensadas en Zitlaltepec."},"content":{"rendered":"\n<p>Paco Ugarte.<\/p>\n\n\n\n<p>Un f4t4l 4ccid3nt3 dej\u00f3 un saldo mort4l de un hombre y una mujer sin vida, la ma\u00f1ana dej\u00f3 este domingo 26 de octubre sobre la autopista Perote &#8211; Amozoc, a la altura del municipio de Zitlaltepec, Tlaxcala<\/p>\n\n\n\n<p>Ah\u00ed dos veh\u00edculos particulares uno en colero blanco y otro azul, impactaron de manera frontal, lo que origin\u00f3 una de las unidades volcar\u00e1 y el cierre total de la autopista.<\/p>\n\n\n\n<p>Tambi\u00e9n, derivado del fuerte golpe, dos mujeres quedaron prensadas entre los fierros de la unidad color azul, por lo que fueron Elementos de la Cruz Roja quienes se encargaron de liberarlas con equipo libra.<\/p>\n\n\n\n<p>En tanto elementos de seguridad acordonar\u00e1n ampliamente la zona en espera de personal del Instituto de Ciencias Forenses (INCIFO) para realizara el levantamiento de ambos cuerpos; en tanto la Fiscal\u00eda General de Justicia del Estado de Tlaxcala (FGJE) fue la encargada de abrir la carpeta de investigaci\u00f3n sobre estos hechos con la finalidad de fincar o deslindar responsabilidades.<\/p>\n\n\n\n<p>Al sitio acudieron elementos de seguridad de Ixtenco, Zitlaltepec, Guardia Nacional as\u00ed como Bomberos para brindar la atenci\u00f3n correspondiente.<\/p>\n","protected":false},"excerpt":{"rendered":"<p>Paco Ugarte. Un f4t4l 4ccid3nt3 dej\u00f3 un saldo mort4l de un hombre y una mujer sin vida, la ma\u00f1ana dej\u00f3 este domingo 26 de octubre sobre la autopista Perote &#8211; Amozoc, a la altura del municipio de Zitlaltepec, Tlaxcala Ah\u00ed dos veh\u00edculos particulares uno en colero blanco y otro azul, impactaron de manera frontal, lo [&hellip;]<\/p>\n","protected":false},"author":5,"featured_media":99083,"comment_status":"open","ping_status":"open","sticky":false,"template":"","format":"standard","meta":{"om_disable_all_campaigns":false,"_monsterinsights_skip_tracking":false,"_monsterinsights_sitenote_active":false,"_monsterinsights_sitenote_note":"","_monsterinsights_sitenote_category":0,"jnews-multi-image_gallery":[],"jnews_single_post":{"format":"standard"},"jnews_primary_category":[],"footnotes":""},"categories":[1],"tags":[],"class_list":["post-99082","post","type-post","status-publish","format-standard","has-post-thumbnail","hentry","category-uncategorized"],"aioseo_notices":[],"_links":{"self":[{"href":"https:\/\/estado29.mx\/index.php?rest_route=\/wp\/v2\/posts\/99082","targetHints":{"allow":["GET"]}}],"collection":[{"href":"https:\/\/estado29.mx\/index.php?rest_route=\/wp\/v2\/posts"}],"about":[{"href":"https:\/\/estado29.mx\/index.php?rest_route=\/wp\/v2\/types\/post"}],"author":[{"embeddable":true,"href":"https:\/\/estado29.mx\/index.php?rest_route=\/wp\/v2\/users\/5"}],"replies":[{"embeddable":true,"href":"https:\/\/estado29.mx\/index.php?rest_route=%2Fwp%2Fv2%2Fcomments&post=99082"}],"version-history":[{"count":1,"href":"https:\/\/estado29.mx\/index.php?rest_route=\/wp\/v2\/posts\/99082\/revisions"}],"predecessor-version":[{"id":99084,"href":"https:\/\/estado29.mx\/index.php?rest_route=\/wp\/v2\/posts\/99082\/revisions\/99084"}],"wp:featuredmedia":[{"embeddable":true,"href":"https:\/\/estado29.mx\/index.php?rest_route=\/wp\/v2\/media\/99083"}],"wp:attachment":[{"href":"https:\/\/estado29.mx\/index.php?rest_route=%2Fwp%2Fv2%2Fmedia&parent=99082"}],"wp:term":[{"taxonomy":"category","embeddable":true,"href":"https:\/\/estado29.mx\/index.php?rest_route=%2Fwp%2Fv2%2Fcategories&post=99082"},{"taxonomy":"post_tag","embeddable":true,"href":"https:\/\/estado29.mx\/index.php?rest_route=%2Fwp%2Fv2%2Ftags&post=99082"}],"curies":[{"name":"wp","href":"https:\/\/api.w.org\/{rel}","templated":true}]}}