{"id":99085,"date":"2025-10-26T18:32:25","date_gmt":"2025-10-27T00:32:25","guid":{"rendered":"https:\/\/estado29.mx\/?p=99085"},"modified":"2025-10-26T18:32:26","modified_gmt":"2025-10-27T00:32:26","slug":"entrega-de-la-presea-rosete-aranda-a-la-mtra-beatriz-paredes-rangel-en-el-museo-nacional-del-titere","status":"publish","type":"post","link":"https:\/\/estado29.mx\/?p=99085","title":{"rendered":"Entrega de la Presea Rosete Aranda a la Mtra. Beatriz Paredes Rangel en el Museo Nacional del T\u00edtere."},"content":{"rendered":"<figure class=\"wp-block-post-featured-image\"><img loading=\"lazy\" decoding=\"async\" width=\"1200\" height=\"1600\" src=\"https:\/\/estado29.mx\/wp-content\/uploads\/2025\/10\/IMG-20251026-WA0231.jpg\" class=\"attachment-post-thumbnail size-post-thumbnail wp-post-image\" alt=\"\" style=\"object-fit:cover;\" srcset=\"https:\/\/estado29.mx\/wp-content\/uploads\/2025\/10\/IMG-20251026-WA0231.jpg 1200w, https:\/\/estado29.mx\/wp-content\/uploads\/2025\/10\/IMG-20251026-WA0231-225x300.jpg 225w, https:\/\/estado29.mx\/wp-content\/uploads\/2025\/10\/IMG-20251026-WA0231-768x1024.jpg 768w, https:\/\/estado29.mx\/wp-content\/uploads\/2025\/10\/IMG-20251026-WA0231-1152x1536.jpg 1152w, https:\/\/estado29.mx\/wp-content\/uploads\/2025\/10\/IMG-20251026-WA0231-750x1000.jpg 750w, https:\/\/estado29.mx\/wp-content\/uploads\/2025\/10\/IMG-20251026-WA0231-1140x1520.jpg 1140w\" sizes=\"auto, (max-width: 1200px) 100vw, 1200px\" \/><\/figure>\n\n\n<p>En un ambiente lleno de arte, tradici\u00f3n y emotividad, se llev\u00f3 a cabo la clausura de la cuadrag\u00e9sima primera edici\u00f3n del Festival Internacional de T\u00edteres \u201cRosete Aranda\u201d, con la entrega de la Presea &#8220;Rosete Aranda&#8221; a la Mtra. Beatriz Paredes Rangel.<\/p>\n\n\n\n<p>Durante la ceremonia estuvieron presentes destacadas personalidades del \u00e1mbito cultural y art\u00edstico, entre ellas: la Secretaria de Cultura, Karen Villeda; la Mtra. Beatriz Paredes Rangel; Irma Garc\u00eda Izozorbe Directora del Consejo Administrativo de Radio Huamantla, Elsa Romero Garc\u00eda, Directora Comercial de Radio Huamantla, Raquel B\u00e1rcena Molina, fundadora del festival; Armando Rosete, exdirector del Museo Nacional del T\u00edtere; el Diputado Alejandro Aguilar; y Alejandro L\u00f3pez, Director del Museo de Monterrey, Nuevo Le\u00f3n.<\/p>\n\n\n\n<p>En este contexto el Director del Museo Nacional del Titere, Ignacio Tapia Echavarr\u00ed, destac\u00f3 que este \u201cEl festival de los festivales\u201d, reuni\u00f3 a doce festivales internacionales, consolidando a Tlaxcala como un referente mundial en la promoci\u00f3n del arte titiritero. En este contexto detall\u00f3 la trayectoria de la Mtra. Beatriz Paredes Rangel y su contribuci\u00f3n a la promoci\u00f3n del arte titiritero que logr\u00f3 ser un referente internacional.<\/p>\n\n\n\n<p>Fue en 1993 cuando se instaur\u00f3 la Presea Rosete Aranda, con el prop\u00f3sito de reconocer a quienes han contribuido a la difusi\u00f3n y preservaci\u00f3n del arte de los t\u00edteres. Desde entonces, se han entregado 36 preseas a mujeres, hombres e instituciones dedicadas a fortalecer esta tradici\u00f3n.<\/p>\n\n\n\n<p>Por otra parte la Maestra Beatriz Paredes Rangel record\u00f3 las tradiciones de Huamantla y el talento de su gente, as\u00ed como a sus amigos y familia, record\u00f3 la fundaci\u00f3n del Museo Internacional del T\u00edtere como la casita de los t\u00edteres y un espacio para fomentar la imaginaci\u00f3n en ni\u00f1as, ni\u00f1os y familias en todo el mundo.<\/p>\n\n\n\n<p>Durante su mensaje, las autoridades culturales destacaron que el festival no s\u00f3lo representa una celebraci\u00f3n art\u00edstica, sino tambi\u00e9n un espacio para el encuentro, la identidad y la memoria colectiva de Tlaxcala.<\/p>\n\n\n\n<p>La clausura del cuadrag\u00e9simo festival internacional de T\u00edteres culmin\u00f3 con su \u00faltima funci\u00f3n en el Museo Internacional del T\u00edtere.<\/p>\n","protected":false},"excerpt":{"rendered":"<p>En un ambiente lleno de arte, tradici\u00f3n y emotividad, se llev\u00f3 a cabo la clausura de la cuadrag\u00e9sima primera edici\u00f3n del Festival Internacional de T\u00edteres \u201cRosete Aranda\u201d, con la entrega de la Presea &#8220;Rosete Aranda&#8221; a la Mtra. Beatriz Paredes Rangel. Durante la ceremonia estuvieron presentes destacadas personalidades del \u00e1mbito cultural y art\u00edstico, entre ellas: [&hellip;]<\/p>\n","protected":false},"author":9,"featured_media":99086,"comment_status":"open","ping_status":"open","sticky":false,"template":"","format":"standard","meta":{"om_disable_all_campaigns":false,"_monsterinsights_skip_tracking":false,"_monsterinsights_sitenote_active":false,"_monsterinsights_sitenote_note":"","_monsterinsights_sitenote_category":0,"jnews-multi-image_gallery":[],"jnews_single_post":{"format":"standard"},"jnews_primary_category":[],"footnotes":""},"categories":[1],"tags":[],"class_list":["post-99085","post","type-post","status-publish","format-standard","has-post-thumbnail","hentry","category-uncategorized"],"aioseo_notices":[],"_links":{"self":[{"href":"https:\/\/estado29.mx\/index.php?rest_route=\/wp\/v2\/posts\/99085","targetHints":{"allow":["GET"]}}],"collection":[{"href":"https:\/\/estado29.mx\/index.php?rest_route=\/wp\/v2\/posts"}],"about":[{"href":"https:\/\/estado29.mx\/index.php?rest_route=\/wp\/v2\/types\/post"}],"author":[{"embeddable":true,"href":"https:\/\/estado29.mx\/index.php?rest_route=\/wp\/v2\/users\/9"}],"replies":[{"embeddable":true,"href":"https:\/\/estado29.mx\/index.php?rest_route=%2Fwp%2Fv2%2Fcomments&post=99085"}],"version-history":[{"count":1,"href":"https:\/\/estado29.mx\/index.php?rest_route=\/wp\/v2\/posts\/99085\/revisions"}],"predecessor-version":[{"id":99087,"href":"https:\/\/estado29.mx\/index.php?rest_route=\/wp\/v2\/posts\/99085\/revisions\/99087"}],"wp:featuredmedia":[{"embeddable":true,"href":"https:\/\/estado29.mx\/index.php?rest_route=\/wp\/v2\/media\/99086"}],"wp:attachment":[{"href":"https:\/\/estado29.mx\/index.php?rest_route=%2Fwp%2Fv2%2Fmedia&parent=99085"}],"wp:term":[{"taxonomy":"category","embeddable":true,"href":"https:\/\/estado29.mx\/index.php?rest_route=%2Fwp%2Fv2%2Fcategories&post=99085"},{"taxonomy":"post_tag","embeddable":true,"href":"https:\/\/estado29.mx\/index.php?rest_route=%2Fwp%2Fv2%2Ftags&post=99085"}],"curies":[{"name":"wp","href":"https:\/\/api.w.org\/{rel}","templated":true}]}}