{"id":99088,"date":"2025-10-26T22:57:32","date_gmt":"2025-10-27T04:57:32","guid":{"rendered":"https:\/\/estado29.mx\/?p=99088"},"modified":"2025-10-26T22:57:34","modified_gmt":"2025-10-27T04:57:34","slug":"seguridad-publica-y-proteccion-civil-clausuran-fiesta-clandestina-en-huamantla","status":"publish","type":"post","link":"https:\/\/estado29.mx\/?p=99088","title":{"rendered":"Seguridad P\u00fablica y Protecci\u00f3n Civil clausuran fiesta clandestina en Huamantla"},"content":{"rendered":"<figure class=\"wp-block-post-featured-image\"><img loading=\"lazy\" decoding=\"async\" width=\"1200\" height=\"1357\" src=\"https:\/\/estado29.mx\/wp-content\/uploads\/2025\/10\/IMG-20251026-WA0250.jpg\" class=\"attachment-post-thumbnail size-post-thumbnail wp-post-image\" alt=\"\" style=\"object-fit:cover;\" srcset=\"https:\/\/estado29.mx\/wp-content\/uploads\/2025\/10\/IMG-20251026-WA0250.jpg 1200w, https:\/\/estado29.mx\/wp-content\/uploads\/2025\/10\/IMG-20251026-WA0250-265x300.jpg 265w, https:\/\/estado29.mx\/wp-content\/uploads\/2025\/10\/IMG-20251026-WA0250-906x1024.jpg 906w, https:\/\/estado29.mx\/wp-content\/uploads\/2025\/10\/IMG-20251026-WA0250-768x868.jpg 768w, https:\/\/estado29.mx\/wp-content\/uploads\/2025\/10\/IMG-20251026-WA0250-750x848.jpg 750w, https:\/\/estado29.mx\/wp-content\/uploads\/2025\/10\/IMG-20251026-WA0250-1140x1289.jpg 1140w\" sizes=\"auto, (max-width: 1200px) 100vw, 1200px\" \/><\/figure>\n\n\n<p>La Direcci\u00f3n de Seguridad P\u00fablica, Tr\u00e1nsito Municipal y Protecci\u00f3n Civil de Huamantla informa que la noche del s\u00e1bado 25 de octubre se atendi\u00f3 un reporte ciudadano sobre la realizaci\u00f3n de una fiesta clandestina en un sal\u00f3n ubicado sobre la calle Fray Daniel Ortega, en el Pueblo de La Cruz.<\/p>\n\n\n\n<p>Al arribar se corrobor\u00f3 la presencia de un aproximado de 400 personas, entre adultos y adolescentes. Debido a la posible participaci\u00f3n de menores de edad consumiendo bebidas alcoh\u00f3licas, se solicit\u00f3 el apoyo de personal de Protecci\u00f3n Civil, que acudi\u00f3 para la verificaci\u00f3n correspondiente.<\/p>\n\n\n\n<p>Durante la inspecci\u00f3n se constat\u00f3 que el establecimiento no contaba con permiso para la realizaci\u00f3n del evento, adem\u00e1s de detectar el incumplimiento de las disposiciones de Protecci\u00f3n Civil y de la normativa que proh\u00edbe el suministro de alcohol a menores de edad.<\/p>\n\n\n\n<p>Por este motivo, se dio intervenci\u00f3n al \u00e1rea de Procuraci\u00f3n de Protecci\u00f3n de Ni\u00f1as, Ni\u00f1os y Adolescentes, quienes asistieron y resguardaron a los menores para su entrega a sus familiares.Tras el desalojo total del inmueble Protecci\u00f3n Civil procedi\u00f3 a la clausura del sal\u00f3n, colocando sellos oficiales de suspensi\u00f3n de actividades.<\/p>\n\n\n\n<p>La Direcci\u00f3n de Seguridad P\u00fablica hace un llamado a la ciudadan\u00eda a evitar la organizaci\u00f3n de eventos que pongan en riesgo la integridad de menores y contravengan la normatividad vigente. <\/p>\n\n\n\n<p>Asimismo, refrenda su compromiso de continuar realizando acciones preventivas y de atenci\u00f3n inmediata para preservar el orden y la seguridad en el municipio.<\/p>\n","protected":false},"excerpt":{"rendered":"<p>La Direcci\u00f3n de Seguridad P\u00fablica, Tr\u00e1nsito Municipal y Protecci\u00f3n Civil de Huamantla informa que la noche del s\u00e1bado 25 de octubre se atendi\u00f3 un reporte ciudadano sobre la realizaci\u00f3n de una fiesta clandestina en un sal\u00f3n ubicado sobre la calle Fray Daniel Ortega, en el Pueblo de La Cruz. Al arribar se corrobor\u00f3 la presencia [&hellip;]<\/p>\n","protected":false},"author":9,"featured_media":99089,"comment_status":"open","ping_status":"open","sticky":false,"template":"","format":"standard","meta":{"om_disable_all_campaigns":false,"_monsterinsights_skip_tracking":false,"_monsterinsights_sitenote_active":false,"_monsterinsights_sitenote_note":"","_monsterinsights_sitenote_category":0,"jnews-multi-image_gallery":[],"jnews_single_post":{"format":"standard"},"jnews_primary_category":[],"footnotes":""},"categories":[1],"tags":[],"class_list":["post-99088","post","type-post","status-publish","format-standard","has-post-thumbnail","hentry","category-uncategorized"],"aioseo_notices":[],"_links":{"self":[{"href":"https:\/\/estado29.mx\/index.php?rest_route=\/wp\/v2\/posts\/99088","targetHints":{"allow":["GET"]}}],"collection":[{"href":"https:\/\/estado29.mx\/index.php?rest_route=\/wp\/v2\/posts"}],"about":[{"href":"https:\/\/estado29.mx\/index.php?rest_route=\/wp\/v2\/types\/post"}],"author":[{"embeddable":true,"href":"https:\/\/estado29.mx\/index.php?rest_route=\/wp\/v2\/users\/9"}],"replies":[{"embeddable":true,"href":"https:\/\/estado29.mx\/index.php?rest_route=%2Fwp%2Fv2%2Fcomments&post=99088"}],"version-history":[{"count":1,"href":"https:\/\/estado29.mx\/index.php?rest_route=\/wp\/v2\/posts\/99088\/revisions"}],"predecessor-version":[{"id":99090,"href":"https:\/\/estado29.mx\/index.php?rest_route=\/wp\/v2\/posts\/99088\/revisions\/99090"}],"wp:featuredmedia":[{"embeddable":true,"href":"https:\/\/estado29.mx\/index.php?rest_route=\/wp\/v2\/media\/99089"}],"wp:attachment":[{"href":"https:\/\/estado29.mx\/index.php?rest_route=%2Fwp%2Fv2%2Fmedia&parent=99088"}],"wp:term":[{"taxonomy":"category","embeddable":true,"href":"https:\/\/estado29.mx\/index.php?rest_route=%2Fwp%2Fv2%2Fcategories&post=99088"},{"taxonomy":"post_tag","embeddable":true,"href":"https:\/\/estado29.mx\/index.php?rest_route=%2Fwp%2Fv2%2Ftags&post=99088"}],"curies":[{"name":"wp","href":"https:\/\/api.w.org\/{rel}","templated":true}]}}