{"id":99091,"date":"2025-10-27T07:21:26","date_gmt":"2025-10-27T13:21:26","guid":{"rendered":"https:\/\/estado29.mx\/?p=99091"},"modified":"2025-10-27T07:21:28","modified_gmt":"2025-10-27T13:21:28","slug":"autoridades-estatales-y-municipales-firman-plan-de-accion-para-la-prevencion-atencion-y-seguimiento-del-embarazo-infantil","status":"publish","type":"post","link":"https:\/\/estado29.mx\/?p=99091","title":{"rendered":"Autoridades estatales y municipales firman plan de acci\u00f3n para la prevenci\u00f3n, atenci\u00f3n y seguimiento del embarazo infantil"},"content":{"rendered":"\n<p><\/p>\n\n\n\n<p>\u2022&nbsp;&nbsp;&nbsp;&nbsp;&nbsp;&nbsp;&nbsp;&nbsp;&nbsp; \u201cQueremos cambiar la historia de nuestras ni\u00f1as, y que eso no vuelva a ocurrir. Nos mueve la convicci\u00f3n de que cada ni\u00f1a merece crecer, estudiar, jugar y decidir un camino que ellas elijan\u201d, expres\u00f3 la gobernadora Lorena Cu\u00e9llar<\/p>\n\n\n\n<p>La gobernadora Lorena Cu\u00e9llar Cisneros, junto a la secretaria t\u00e9cnica del Consejo Nacional de Poblaci\u00f3n (Conapo), Gabriela Rodr\u00edguez Ram\u00edrez, y presidentes municipales, firmaron el Plan de Acci\u00f3n para la Prevenci\u00f3n, Atenci\u00f3n y Seguimiento de Ni\u00f1as Adolescentes y Madres Embarazadas (NAME), con el objetivo de erradicar el embarazo infantil en el estado.<\/p>\n\n\n\n<p>Ante las autoridades presentes, la mandataria reiter\u00f3 que cada embarazo infantil representa una historia de sufrimiento, de dolor y de impotencia, y que la \u00fanica manera de erradicarlo es sumando esfuerzos.<\/p>\n\n\n\n<p>&nbsp;\u201cUstedes han sido parte importante de muchas cosas; somos primer lugar en muchas cosas, y ustedes me han ayudado para eso. Busquemos este primer lugar. Hoy firmamos un pacto por la erradicaci\u00f3n del embarazo infantil como s\u00edmbolo de que Tlaxcala no tolerar\u00e1 la violencia en ninguna de sus formas\u201d, expres\u00f3 la mandataria a los alcaldes presentes.<\/p>\n\n\n\n<p>Lorena Cu\u00e9llar reiter\u00f3 que, aunque los embarazos en infantes han disminuido, todav\u00eda falta trabajo por hacer, y lament\u00f3 que 93 ni\u00f1as hayan visto sus infancias robadas, perdiendo la oportunidad de jugar y tener una vida proyectada, asumiendo responsabilidades que no les corresponden por su edad: \u201cQueremos cambiar la historia de nuestras ni\u00f1as, y que eso no vuelva a ocurrir. Nos mueve la convicci\u00f3n de que cada ni\u00f1a merece crecer, estudiar, jugar y decidir un camino que ellas elijan\u201d.<\/p>\n\n\n\n<p>\u201cHoy, gracias a ese trabajo conjunto de los municipios, de las instituciones y la sociedad, hemos logrado reducir esas cifras. Sin embargo, mientras exista una sola v\u00edctima de violencia sexual o forzada a la maternidad, nuestro compromiso seguir\u00e1 firme, inquebrantable, para que esto se acabe. Quiero pedirles a todos los presidentes su total apoyo. S\u00e9 que lo hacen todos los d\u00edas, pero hoy vamos a redoblar esfuerzos para que el pr\u00f3ximo a\u00f1o nuestra cifra sea much\u00edsimo menor\u201d, apunt\u00f3.<\/p>\n\n\n\n<p>Desde Apizaco, Gabriela Rodr\u00edguez Ram\u00edrez reconoci\u00f3 la iniciativa interinstitucional de la gobernadora por concretar la firma del Plan de Acci\u00f3n, al tiempo que reconoci\u00f3 el compromiso de los presidentes municipales con este tema.&nbsp;<\/p>\n\n\n\n<p>Consider\u00f3 que los avances en la prevenci\u00f3n del embarazo infantil son importantes, porque bajaron de 84 nacimientos por cada mil adolescentes a 58.&nbsp; \u201cVamos por la ruta correcta. Pero ninguna ni\u00f1a deber\u00eda de estar cuidando hijos en su segunda d\u00e9cada de vida\u201d, enfatiz\u00f3.<\/p>\n\n\n\n<p>A su vez, el secretario de Salud, Rigoberto Zamudio Meneses, destac\u00f3 que, en Tlaxcala, se ha disminuido en un 45 por ciento el embarazo en ni\u00f1as con edades de 15 y 19 a\u00f1os. Sin embargo, se ha registrado el aumento de nacimientos en menores de 10 a 14 a\u00f1os, lo que consider\u00f3 es resultado de agresi\u00f3n sexual y violaci\u00f3n.<\/p>\n\n\n\n<p>Por ello, adelant\u00f3 que trabajan coordinadamente con el Sistema Estatal DIF (Sedif ) y con el Poder Judicial para atender la situaci\u00f3n. \u201cY esto tiene que ver con los derechos humanos, por lo cual esta implementaci\u00f3n de la ruta en la atenci\u00f3n de las ni\u00f1as embarazadas en menores de 15 a\u00f1os no es una opci\u00f3n, es un mandato de ley, y hay que invertir en la restituci\u00f3n del tejido social como sociedad, no como gobierno, como sociedad\u201d, subray\u00f3.<\/p>\n\n\n\n<p>La directora del Consejo Estatal de Poblaci\u00f3n (Coespo), Bel\u00e9n Vega Ahuatzin, record\u00f3 que, en 2015, el Conapo alert\u00f3 sobre el embarazo infantil y adolescente como un problema poblacional que ampl\u00eda brechas sociales y de g\u00e9nero, por lo que en Tlaxcala se ha asumido este reto, adaptando el modelo nacional a sus realidades locales: \u201cNo se trata solo de cifras o estad\u00edsticas, se trata de ni\u00f1as que requieren de su compromiso, de nuestra sensibilidad y de nuestra acci\u00f3n\u201d.<\/p>\n\n\n\n<p>\u201cPor eso, hoy firmamos este plan estructurado en tres ejes rectores que ofrece un acompa\u00f1amiento integral en las \u00e1reas m\u00e1s sensibles y determinantes. Uno de estos ejes nos re\u00fane con todos los municipios, a trav\u00e9s de sus grupos municipales, para la prevenci\u00f3n del embarazo en adolescentes. Hoy, todos nosotros estamos marcando un hito en Tlaxcala\u201d, asegur\u00f3.<\/p>\n\n\n\n<p>Durante el acto protocolario estuvieron presentes la presidenta honor\u00edfica del Sedif, Mariana Espinosa de los Monteros Cu\u00e9llar; los secretarios de Educaci\u00f3n P\u00fablica, Homero Meneses Hern\u00e1ndez; y de las Mujeres, Nydia Cano Rodr\u00edguez, as\u00ed como el director del IDET, Daniel Moncayo Cervantes, y el presidente municipal de Apizaco, Javier Rivera Bonilla, entre otras autoridades.<\/p>\n","protected":false},"excerpt":{"rendered":"<p>\u2022&nbsp;&nbsp;&nbsp;&nbsp;&nbsp;&nbsp;&nbsp;&nbsp;&nbsp; \u201cQueremos cambiar la historia de nuestras ni\u00f1as, y que eso no vuelva a ocurrir. Nos mueve la convicci\u00f3n de que cada ni\u00f1a merece crecer, estudiar, jugar y decidir un camino que ellas elijan\u201d, expres\u00f3 la gobernadora Lorena Cu\u00e9llar La gobernadora Lorena Cu\u00e9llar Cisneros, junto a la secretaria t\u00e9cnica del Consejo Nacional de Poblaci\u00f3n (Conapo), [&hellip;]<\/p>\n","protected":false},"author":4,"featured_media":99092,"comment_status":"open","ping_status":"open","sticky":false,"template":"","format":"standard","meta":{"om_disable_all_campaigns":false,"_monsterinsights_skip_tracking":false,"_monsterinsights_sitenote_active":false,"_monsterinsights_sitenote_note":"","_monsterinsights_sitenote_category":0,"jnews-multi-image_gallery":[],"jnews_single_post":{"format":"standard"},"jnews_primary_category":[],"footnotes":""},"categories":[1],"tags":[],"class_list":["post-99091","post","type-post","status-publish","format-standard","has-post-thumbnail","hentry","category-uncategorized"],"aioseo_notices":[],"_links":{"self":[{"href":"https:\/\/estado29.mx\/index.php?rest_route=\/wp\/v2\/posts\/99091","targetHints":{"allow":["GET"]}}],"collection":[{"href":"https:\/\/estado29.mx\/index.php?rest_route=\/wp\/v2\/posts"}],"about":[{"href":"https:\/\/estado29.mx\/index.php?rest_route=\/wp\/v2\/types\/post"}],"author":[{"embeddable":true,"href":"https:\/\/estado29.mx\/index.php?rest_route=\/wp\/v2\/users\/4"}],"replies":[{"embeddable":true,"href":"https:\/\/estado29.mx\/index.php?rest_route=%2Fwp%2Fv2%2Fcomments&post=99091"}],"version-history":[{"count":1,"href":"https:\/\/estado29.mx\/index.php?rest_route=\/wp\/v2\/posts\/99091\/revisions"}],"predecessor-version":[{"id":99093,"href":"https:\/\/estado29.mx\/index.php?rest_route=\/wp\/v2\/posts\/99091\/revisions\/99093"}],"wp:featuredmedia":[{"embeddable":true,"href":"https:\/\/estado29.mx\/index.php?rest_route=\/wp\/v2\/media\/99092"}],"wp:attachment":[{"href":"https:\/\/estado29.mx\/index.php?rest_route=%2Fwp%2Fv2%2Fmedia&parent=99091"}],"wp:term":[{"taxonomy":"category","embeddable":true,"href":"https:\/\/estado29.mx\/index.php?rest_route=%2Fwp%2Fv2%2Fcategories&post=99091"},{"taxonomy":"post_tag","embeddable":true,"href":"https:\/\/estado29.mx\/index.php?rest_route=%2Fwp%2Fv2%2Ftags&post=99091"}],"curies":[{"name":"wp","href":"https:\/\/api.w.org\/{rel}","templated":true}]}}