{"id":99094,"date":"2025-10-27T07:23:52","date_gmt":"2025-10-27T13:23:52","guid":{"rendered":"https:\/\/estado29.mx\/?p=99094"},"modified":"2025-10-27T07:23:54","modified_gmt":"2025-10-27T13:23:54","slug":"datathon-2025-impulsan-el-empoderamiento-de-las-mujeres-con-el-uso-de-la-tecnologia","status":"publish","type":"post","link":"https:\/\/estado29.mx\/?p=99094","title":{"rendered":"DATATHON 2025: impulsan el empoderamiento de las mujeres con el uso de la tecnolog\u00eda"},"content":{"rendered":"\n<p><\/p>\n\n\n\n<p>\u2022En el marco del D\u00eda Naranja, la gobernadora Lorena Cu\u00e9llar destac\u00f3 que esta iniciativa abre oportunidades para incursionar en \u00e1reas estrat\u00e9gicas como el an\u00e1lisis de datos, la innovaci\u00f3n tecnol\u00f3gica y la toma de decisiones informadas<\/p>\n\n\n\n<p>La gobernadora Lorena Cu\u00e9llar Cisneros, acompa\u00f1ada por la directora general de Inteligencia, Innovaci\u00f3n y Planeaci\u00f3n Estrat\u00e9gica para la Mejora de los Programas de la Secretar\u00eda de las Mujeres del Gobierno federal, Patricia Carranza Rodr\u00edguez, encabez\u00f3 el arranque de las actividades del Datathon 2025: Empoderamiento con Datos, una iniciativa que busca impulsar el uso de la tecnolog\u00eda como herramienta para el empoderamiento femenino.<\/p>\n\n\n\n<p>Durante el evento, la mandataria estatal destac\u00f3 la relevancia de impulsar iniciativas orientadas al uso de tecnolog\u00edas como herramienta para el empoderamiento de las mujeres.<\/p>\n\n\n\n<p>Subray\u00f3 que este tipo de actividades abren nuevas oportunidades para que las participantes se involucren en \u00e1reas estrat\u00e9gicas como el an\u00e1lisis de datos, la innovaci\u00f3n tecnol\u00f3gica y la toma de decisiones informadas. \u201cLleg\u00f3 el momento de las mujeres, y vamos a seguir recuperando m\u00e1s y m\u00e1s espacios, todas unidas, apoy\u00e1ndonos unas a otras\u201d, expres\u00f3 la gobernadora ante las asistentes.<\/p>\n\n\n\n<p>En el marco del D\u00eda Naranja, conmemorado el d\u00eda 25 de cada mes, la gobernadora adelant\u00f3 que el pr\u00f3ximo a\u00f1o la administraci\u00f3n estatal iniciar\u00e1 la construcci\u00f3n de la Ciudad de la Mujer.<\/p>\n\n\n\n<p>\u201cEsa Ciudad estar\u00e1 conformada por muchas casitas, pensadas para que una mujer que se encuentre en peligro, realmente en peligro, pueda trasladarse con sus hijos a un espacio seguro. Estas viviendas no les costar\u00e1n absolutamente nada, y tendr\u00e1n un tiempo determinado para vivir ah\u00ed, mientras comienzan a salir adelante. Ser\u00e1n casas de transici\u00f3n, donde podr\u00e1n estar con sus hijos en un entorno tranquilo, seguro y, sobre todo, con un ambiente diferente que les permita reconstruir sus vidas\u201d, destac\u00f3.<\/p>\n\n\n\n<p>La directora general, Patricia Carranza Rodr\u00edguez, reconoci\u00f3 el compromiso de la gobernadora Lorena Cu\u00e9llar Cisneros por impulsar acciones decididas en favor del empoderamiento de las mujeres y destac\u00f3 que desde el gobierno federal que dirige la primera mujer presidenta Claudia Sheinbaum y la primera secretaria de las mujeres, Citlalli Hern\u00e1ndez Mora se reafirma que la informaci\u00f3n es un elemento clave para la toma de decisiones en la implementaci\u00f3n de pol\u00edticas p\u00fablicas.<\/p>\n\n\n\n<p>\u201cLa informaci\u00f3n es clave, la informaci\u00f3n es estrat\u00e9gica y sin informaci\u00f3n no hay manera de focalizar los esfuerzos y la energ\u00eda y el presupuesto que se tiene que no es infinito en las causas m\u00e1s espec\u00edficas y en las causas m\u00e1s necesarias para nosotras\u201d, puntualiz\u00f3.<\/p>\n\n\n\n<p>La funcionaria federal mencion\u00f3 que el \u00e1rea a su cargo es toral porque desde ella se genera toda la estad\u00edstica que permite ver el funcionamiento de los programas, resalt\u00f3 que el sector de los datos es completamente masculinizado, sin embargo, se pueden conocer historias diferentes a partir del an\u00e1lisis de una base de datos.<\/p>\n\n\n\n<p>\u201cEsta iniciativa, esperamos que muchos estados, muchas entidades la repliquen y es muy poderoso verlas aqu\u00ed reunidas y estoy segura de que vamos a generar cosas muy bonitas\u201d, concluy\u00f3.<\/p>\n\n\n\n<p>En la segunda edici\u00f3n del Datathon, la secretaria de las Mujeres, Nydia Cano Rodr\u00edguez, explic\u00f3 que la jornada se desarrolla en un formato intensivo, en el que se ponen a disposici\u00f3n de las participantes bases de datos validadas del Banco Nacional de Datos e Informaci\u00f3n sobre Casos de Violencia contra las Mujeres (Banavim).<\/p>\n\n\n\n<p>\u201cEstas bases servir\u00e1n como insumo principal para que las participantes puedan explorar y analizar la informaci\u00f3n, generando propuestas y soluciones innovadoras. Todo esto estar\u00e1 acompa\u00f1ado de charlas inspiradoras y mentor\u00edas para el desarrollo de sus proyectos\u201d, indic\u00f3.<\/p>\n\n\n\n<p>La funcionaria estatal destac\u00f3 que, seg\u00fan el informe del Foro Econ\u00f3mico Mundial, para el a\u00f1o 2030 los empleos digitales ser\u00e1n los mejor remunerados y a\u00f1adi\u00f3 que el conocimiento, la innovaci\u00f3n y la creatividad es algo con lo que pueden so\u00f1ar las mujeres para convertirse en programadoras, ingenieras, cient\u00edficas de datos, l\u00edderes digitales y que desde el gobierno estatal se construyen caminos para hacerlo posible.<\/p>\n\n\n\n<p>\u201cHoy podemos prevenir la violencia a trav\u00e9s del empoderamiento econ\u00f3mico de las mujeres. Durante 18 a\u00f1os, la instituci\u00f3n encargada de atender a las mujeres se limitaba \u00fanicamente a capacitarlas. No ten\u00eda la facultad de otorgar apoyos directos, y mucho menos se conceb\u00eda la posibilidad de organizar un Datathon que inspirara a nuestras j\u00f3venes a incursionar en nuevos espacios\u201d, extern\u00f3.<\/p>\n\n\n\n<p>En el evento estuvo la coordinadora de An\u00e1lisis Estrat\u00e9gicos y Estad\u00edsticas de G\u00e9nero de la Secretar\u00eda de las Mujeres del Gobierno federal, Evelyn Trasvi\u00f1a L\u00f3pez, entre otras autoridades.<\/p>\n","protected":false},"excerpt":{"rendered":"<p>\u2022En el marco del D\u00eda Naranja, la gobernadora Lorena Cu\u00e9llar destac\u00f3 que esta iniciativa abre oportunidades para incursionar en \u00e1reas estrat\u00e9gicas como el an\u00e1lisis de datos, la innovaci\u00f3n tecnol\u00f3gica y la toma de decisiones informadas La gobernadora Lorena Cu\u00e9llar Cisneros, acompa\u00f1ada por la directora general de Inteligencia, Innovaci\u00f3n y Planeaci\u00f3n Estrat\u00e9gica para la Mejora de [&hellip;]<\/p>\n","protected":false},"author":4,"featured_media":99095,"comment_status":"open","ping_status":"open","sticky":false,"template":"","format":"standard","meta":{"om_disable_all_campaigns":false,"_monsterinsights_skip_tracking":false,"_monsterinsights_sitenote_active":false,"_monsterinsights_sitenote_note":"","_monsterinsights_sitenote_category":0,"jnews-multi-image_gallery":[],"jnews_single_post":{"format":"standard"},"jnews_primary_category":[],"footnotes":""},"categories":[1],"tags":[],"class_list":["post-99094","post","type-post","status-publish","format-standard","has-post-thumbnail","hentry","category-uncategorized"],"aioseo_notices":[],"_links":{"self":[{"href":"https:\/\/estado29.mx\/index.php?rest_route=\/wp\/v2\/posts\/99094","targetHints":{"allow":["GET"]}}],"collection":[{"href":"https:\/\/estado29.mx\/index.php?rest_route=\/wp\/v2\/posts"}],"about":[{"href":"https:\/\/estado29.mx\/index.php?rest_route=\/wp\/v2\/types\/post"}],"author":[{"embeddable":true,"href":"https:\/\/estado29.mx\/index.php?rest_route=\/wp\/v2\/users\/4"}],"replies":[{"embeddable":true,"href":"https:\/\/estado29.mx\/index.php?rest_route=%2Fwp%2Fv2%2Fcomments&post=99094"}],"version-history":[{"count":1,"href":"https:\/\/estado29.mx\/index.php?rest_route=\/wp\/v2\/posts\/99094\/revisions"}],"predecessor-version":[{"id":99096,"href":"https:\/\/estado29.mx\/index.php?rest_route=\/wp\/v2\/posts\/99094\/revisions\/99096"}],"wp:featuredmedia":[{"embeddable":true,"href":"https:\/\/estado29.mx\/index.php?rest_route=\/wp\/v2\/media\/99095"}],"wp:attachment":[{"href":"https:\/\/estado29.mx\/index.php?rest_route=%2Fwp%2Fv2%2Fmedia&parent=99094"}],"wp:term":[{"taxonomy":"category","embeddable":true,"href":"https:\/\/estado29.mx\/index.php?rest_route=%2Fwp%2Fv2%2Fcategories&post=99094"},{"taxonomy":"post_tag","embeddable":true,"href":"https:\/\/estado29.mx\/index.php?rest_route=%2Fwp%2Fv2%2Ftags&post=99094"}],"curies":[{"name":"wp","href":"https:\/\/api.w.org\/{rel}","templated":true}]}}