{"id":99097,"date":"2025-10-27T07:26:23","date_gmt":"2025-10-27T13:26:23","guid":{"rendered":"https:\/\/estado29.mx\/?p=99097"},"modified":"2025-10-27T07:26:25","modified_gmt":"2025-10-27T13:26:25","slug":"arranca-gobierno-de-tlaxcala-entrega-de-la-tercera-etapa-de-c2-municipales","status":"publish","type":"post","link":"https:\/\/estado29.mx\/?p=99097","title":{"rendered":"Arranca gobierno de Tlaxcala entrega de la tercera etapa de C2 municipales"},"content":{"rendered":"\n<p><\/p>\n\n\n\n<p>\u2022&nbsp;&nbsp;&nbsp;&nbsp;&nbsp;&nbsp;&nbsp;&nbsp;&nbsp; Antes de finalizar el a\u00f1o, ser\u00e1n 48 los municipios que cuenten con un centro de mando, ahora con una versi\u00f3n mejorada, afirma titular del SESESP<\/p>\n\n\n\n<p>El Gobierno del Estado, a trav\u00e9s del Secretariado Ejecutivo del Sistema Estatal de Seguridad P\u00fablica (SESESP), inici\u00f3 la entrega de la tercera etapa de los Centros de Control y Comando Municipales (C2), estrategia que consolida un modelo de seguridad tecnol\u00f3gica y refuerza la videovigilancia en todo el territorio tlaxcalteca.<\/p>\n\n\n\n<p>En su mensaje, la gobernadora Lorena Cu\u00e9llar Cisneros destac\u00f3 que la ampliaci\u00f3n de los C2 Municipales forma parte del compromiso de su administraci\u00f3n de fortalecer la seguridad con tecnolog\u00eda de punta y reducir los \u00edndices delictivos en el estado.<\/p>\n\n\n\n<p>\u201cGracias a estas herramientas, y al trabajo coordinado, bajamos la incidencia delictiva y mantenemos por 37 meses a Tlaxcala como el estado con el menor n\u00famero de delitos, por encima incluso de Yucat\u00e1n\u201d, afirm\u00f3.<\/p>\n\n\n\n<p>La titular del Ejecutivo local resalt\u00f3 que, durante su gobierno, se ha invertido en seguridad como nunca antes; adem\u00e1s, mencion\u00f3 que se cuenta con tecnolog\u00eda que permite actuar con rapidez, detener a responsables y cuidar mejor a las y los tlaxcaltecas.<\/p>\n\n\n\n<p>Por su parte, el titular del SESESP, Maximino Hern\u00e1ndez Pulido, inform\u00f3 que, con esta nueva etapa, el estado alcanz\u00f3 el 80 por ciento de los municipios con sistemas de videovigilancia conectados directamente al Centro de Control, Comando, Comunicaci\u00f3n, C\u00f3mputo, Coordinaci\u00f3n e Inteligencia (C5i).<\/p>\n\n\n\n<p>\u201cEstamos cumpliendo la instrucci\u00f3n de nuestra gobernadora, que es garantizar que cada municipio tenga un C2 operativo, funcional y, sobre todo, certificado\u201d, mencion\u00f3.<\/p>\n\n\n\n<p>Agreg\u00f3 que los nuevos centros incluyen mejoras tecnol\u00f3gicas y equipamiento adicional, como terminales de monitoreo, pantallas ampliadas y c\u00e1maras internas para fortalecer la transparencia y seguridad del propio personal operativo.<\/p>\n\n\n\n<p>\u201cEsta edici\u00f3n 2025 es una versi\u00f3n mejorada; cada C2 contar\u00e1 con servidores, estaciones de trabajo y c\u00e1maras PTZ con visi\u00f3n de 360 grados, lo que permitir\u00e1 una respuesta m\u00e1s efectiva ante cualquier emergencia\u201d, detall\u00f3.<\/p>\n\n\n\n<p>Hern\u00e1ndez Pulido adelant\u00f3 que el pr\u00f3ximo a\u00f1o iniciar\u00e1 un proceso de certificaci\u00f3n del personal operativo de los 48 C2, en cumplimiento con los lineamientos del Sistema Nacional de Seguridad P\u00fablica, con el objetivo de profesionalizar las tareas de monitoreo, reacci\u00f3n y atenci\u00f3n ciudadana.<\/p>\n\n\n\n<p>\u201cLa seguridad se construye con tecnolog\u00eda, pero tambi\u00e9n con participaci\u00f3n ciudadana; los C2 son herramientas que unen a autoridades y sociedad en una misma misi\u00f3n: mantener a Tlaxcala en paz\u201d, subray\u00f3.<\/p>\n\n\n\n<p>Con estas acciones, el Gobierno del Estado, a trav\u00e9s del SESESP, reafirma su compromiso de consolidar a Tlaxcala como referente nacional en seguridad p\u00fablica y uso de tecnolog\u00eda aplicada a la prevenci\u00f3n del delito, garantizando entornos m\u00e1s seguros.<\/p>\n","protected":false},"excerpt":{"rendered":"<p>\u2022&nbsp;&nbsp;&nbsp;&nbsp;&nbsp;&nbsp;&nbsp;&nbsp;&nbsp; Antes de finalizar el a\u00f1o, ser\u00e1n 48 los municipios que cuenten con un centro de mando, ahora con una versi\u00f3n mejorada, afirma titular del SESESP El Gobierno del Estado, a trav\u00e9s del Secretariado Ejecutivo del Sistema Estatal de Seguridad P\u00fablica (SESESP), inici\u00f3 la entrega de la tercera etapa de los Centros de Control y [&hellip;]<\/p>\n","protected":false},"author":4,"featured_media":99098,"comment_status":"open","ping_status":"open","sticky":false,"template":"","format":"standard","meta":{"om_disable_all_campaigns":false,"_monsterinsights_skip_tracking":false,"_monsterinsights_sitenote_active":false,"_monsterinsights_sitenote_note":"","_monsterinsights_sitenote_category":0,"jnews-multi-image_gallery":[],"jnews_single_post":{"format":"standard"},"jnews_primary_category":[],"footnotes":""},"categories":[1],"tags":[],"class_list":["post-99097","post","type-post","status-publish","format-standard","has-post-thumbnail","hentry","category-uncategorized"],"aioseo_notices":[],"_links":{"self":[{"href":"https:\/\/estado29.mx\/index.php?rest_route=\/wp\/v2\/posts\/99097","targetHints":{"allow":["GET"]}}],"collection":[{"href":"https:\/\/estado29.mx\/index.php?rest_route=\/wp\/v2\/posts"}],"about":[{"href":"https:\/\/estado29.mx\/index.php?rest_route=\/wp\/v2\/types\/post"}],"author":[{"embeddable":true,"href":"https:\/\/estado29.mx\/index.php?rest_route=\/wp\/v2\/users\/4"}],"replies":[{"embeddable":true,"href":"https:\/\/estado29.mx\/index.php?rest_route=%2Fwp%2Fv2%2Fcomments&post=99097"}],"version-history":[{"count":1,"href":"https:\/\/estado29.mx\/index.php?rest_route=\/wp\/v2\/posts\/99097\/revisions"}],"predecessor-version":[{"id":99099,"href":"https:\/\/estado29.mx\/index.php?rest_route=\/wp\/v2\/posts\/99097\/revisions\/99099"}],"wp:featuredmedia":[{"embeddable":true,"href":"https:\/\/estado29.mx\/index.php?rest_route=\/wp\/v2\/media\/99098"}],"wp:attachment":[{"href":"https:\/\/estado29.mx\/index.php?rest_route=%2Fwp%2Fv2%2Fmedia&parent=99097"}],"wp:term":[{"taxonomy":"category","embeddable":true,"href":"https:\/\/estado29.mx\/index.php?rest_route=%2Fwp%2Fv2%2Fcategories&post=99097"},{"taxonomy":"post_tag","embeddable":true,"href":"https:\/\/estado29.mx\/index.php?rest_route=%2Fwp%2Fv2%2Ftags&post=99097"}],"curies":[{"name":"wp","href":"https:\/\/api.w.org\/{rel}","templated":true}]}}