{"id":99120,"date":"2025-10-28T07:41:00","date_gmt":"2025-10-28T13:41:00","guid":{"rendered":"https:\/\/estado29.mx\/?p=99120"},"modified":"2025-10-28T07:41:01","modified_gmt":"2025-10-28T13:41:01","slug":"con-ofrendas-cine-y-musica-el-ayuntamiento-de-tlaxcala-inicia-el-festival-de-la-vida-y-la-muerte-2025","status":"publish","type":"post","link":"https:\/\/estado29.mx\/?p=99120","title":{"rendered":"Con ofrendas, cine y m\u00fasica el ayuntamiento de Tlaxcala inicia el \u201cfestival de la vida y la muerte 2025\u201d"},"content":{"rendered":"\n<p><\/p>\n\n\n\n<p>El Ayuntamiento de Tlaxcala dio inicio este lunes al \u201cFestival de la Vida y la Muerte 2025\u201d, una celebraci\u00f3n que busca preservar las tradiciones mexicanas y rendir homenaje a quienes ya no est\u00e1n, a trav\u00e9s del arte, la m\u00fasica y la convivencia familiar.<\/p>\n\n\n\n<p>El arranque del festival estuvo marcado por la colocaci\u00f3n de una ofrenda dedicada a los fieles animalitos en la Galer\u00eda Municipal \u201cDesiderio Hern\u00e1ndez Xochitiotzin\u201d. La actividad, organizada por la Coordinaci\u00f3n de Bienestar Animal en colaboraci\u00f3n con \u201cFuerza Animalista Tlaxcala\u201d, rindi\u00f3 tributo a las mascotas y perritos de la calle, con lo que se record\u00f3 con cari\u00f1o a los \u201cpeluditos\u201d que cruzaron al m\u00e1s all\u00e1.<\/p>\n\n\n\n<p>Posteriormente, la Plaza de la Constituci\u00f3n se transform\u00f3 en una sala de cine al aire libre con la proyecci\u00f3n de la pel\u00edcula \u201cEl Libro de la Vida\u201d, que reuni\u00f3 a familias completas en un ambiente de uni\u00f3n y respeto por las tradiciones.<\/p>\n\n\n\n<p>De forma paralela, la Casa de Cultura \u201cJos\u00e9 Miguel Guridi y Alcocer\u201d alberg\u00f3 diversas expresiones art\u00edsticas, entre ellas un altar dedicado a dioses del pasado y la lectura de textos alusivos al D\u00eda de Muertos, a cargo del taller de narrativa.<\/p>\n\n\n\n<p>El color y la creatividad tambi\u00e9n se hicieron presentes con la pasarela y concurso de disfraces \u201cMuertos con Estilo\u201d y el tendedero de calaveritas, actividades que fortalecen la identidad cultural.<\/p>\n\n\n\n<p>El Ensamble Yoloxochitl y el Coro de la Ciudad de Tlaxcala cerraron la jornada con un emotivo concierto que celebr\u00f3 la vida, la memoria y el esp\u00edritu de esta emblem\u00e1tica tradici\u00f3n mexicana.<\/p>\n\n\n\n<p>El \u201cFestival de la Vida y la Muerte 2025\u201d continuar\u00e1 este martes 28 de octubre con la obra teatral alusiva al D\u00eda de Muertos, a cargo de la compa\u00f1\u00eda de teatro \u201cIrreverente\u201d, que tendr\u00e1 lugar en la Plaza de la Constituci\u00f3n, a partir de las 17:45 horas.<\/p>\n\n\n\n<p>El resto de las actividades podr\u00e1 consultarse en la cartelera de eventos art\u00edsticos y culturales, disponible en las redes oficiales del Ayuntamiento Tlaxcala de Xicoht\u00e9ncatl 2024-2027 y la del alcalde Alfonso S\u00e1nchez Garc\u00eda.<\/p>\n","protected":false},"excerpt":{"rendered":"<p>El Ayuntamiento de Tlaxcala dio inicio este lunes al \u201cFestival de la Vida y la Muerte 2025\u201d, una celebraci\u00f3n que busca preservar las tradiciones mexicanas y rendir homenaje a quienes ya no est\u00e1n, a trav\u00e9s del arte, la m\u00fasica y la convivencia familiar. El arranque del festival estuvo marcado por la colocaci\u00f3n de una ofrenda [&hellip;]<\/p>\n","protected":false},"author":4,"featured_media":99121,"comment_status":"open","ping_status":"open","sticky":false,"template":"","format":"standard","meta":{"om_disable_all_campaigns":false,"_monsterinsights_skip_tracking":false,"_monsterinsights_sitenote_active":false,"_monsterinsights_sitenote_note":"","_monsterinsights_sitenote_category":0,"jnews-multi-image_gallery":[],"jnews_single_post":{"format":"standard"},"jnews_primary_category":[],"footnotes":""},"categories":[1],"tags":[],"class_list":["post-99120","post","type-post","status-publish","format-standard","has-post-thumbnail","hentry","category-uncategorized"],"aioseo_notices":[],"_links":{"self":[{"href":"https:\/\/estado29.mx\/index.php?rest_route=\/wp\/v2\/posts\/99120","targetHints":{"allow":["GET"]}}],"collection":[{"href":"https:\/\/estado29.mx\/index.php?rest_route=\/wp\/v2\/posts"}],"about":[{"href":"https:\/\/estado29.mx\/index.php?rest_route=\/wp\/v2\/types\/post"}],"author":[{"embeddable":true,"href":"https:\/\/estado29.mx\/index.php?rest_route=\/wp\/v2\/users\/4"}],"replies":[{"embeddable":true,"href":"https:\/\/estado29.mx\/index.php?rest_route=%2Fwp%2Fv2%2Fcomments&post=99120"}],"version-history":[{"count":1,"href":"https:\/\/estado29.mx\/index.php?rest_route=\/wp\/v2\/posts\/99120\/revisions"}],"predecessor-version":[{"id":99122,"href":"https:\/\/estado29.mx\/index.php?rest_route=\/wp\/v2\/posts\/99120\/revisions\/99122"}],"wp:featuredmedia":[{"embeddable":true,"href":"https:\/\/estado29.mx\/index.php?rest_route=\/wp\/v2\/media\/99121"}],"wp:attachment":[{"href":"https:\/\/estado29.mx\/index.php?rest_route=%2Fwp%2Fv2%2Fmedia&parent=99120"}],"wp:term":[{"taxonomy":"category","embeddable":true,"href":"https:\/\/estado29.mx\/index.php?rest_route=%2Fwp%2Fv2%2Fcategories&post=99120"},{"taxonomy":"post_tag","embeddable":true,"href":"https:\/\/estado29.mx\/index.php?rest_route=%2Fwp%2Fv2%2Ftags&post=99120"}],"curies":[{"name":"wp","href":"https:\/\/api.w.org\/{rel}","templated":true}]}}