{"id":99126,"date":"2025-10-28T07:49:44","date_gmt":"2025-10-28T13:49:44","guid":{"rendered":"https:\/\/estado29.mx\/?p=99126"},"modified":"2025-10-28T07:49:46","modified_gmt":"2025-10-28T13:49:46","slug":"fortalecen-mexico-y-colombia-lazos-academicos-y-culturales-durante-ceremonia-civica-en-sepe-uset","status":"publish","type":"post","link":"https:\/\/estado29.mx\/?p=99126","title":{"rendered":"Fortalecen M\u00e9xico y Colombia lazos acad\u00e9micos y culturales durante ceremonia c\u00edvica en SEPE-USET"},"content":{"rendered":"\n<p><\/p>\n\n\n\n<p>En el marco del intercambio acad\u00e9mico entre Colombia y M\u00e9xico, se llev\u00f3 a cabo una ceremonia c\u00edvica en las oficinas centrales de la Secretar\u00eda de Educaci\u00f3n P\u00fablica del Estado y la Unidad de Servicios Educativos del Estado de Tlaxcala (SEPE-USET), con la participaci\u00f3n de autoridades educativas, docentes y estudiantes de ambas naciones.<\/p>\n\n\n\n<p>El acto solemne, realizado en la plaza c\u00edvica \u201cAlfonso De Escalona\u201d, tuvo como prop\u00f3sito fortalecer los lazos de cooperaci\u00f3n internacional, promover el respeto mutuo y celebrar la riqueza cultural compartida. Durante la ceremonia se rindieron honores al L\u00e1baro Patrio, en estricto apego a lo dispuesto por la Ley sobre el Escudo, la Bandera y el Himno Nacional, adem\u00e1s de interpretarse el Himno Nacional de la Rep\u00fablica de Colombia como muestra de respeto y reconocimiento hacia la naci\u00f3n hermana.<\/p>\n\n\n\n<p>Durante su intervenci\u00f3n, el secretario de Educaci\u00f3n P\u00fablica, Homero Meneses Hern\u00e1ndez, en presencia de directores, jefes de departamento, coordinadores y personal administrativo de la SEPE-USET, subray\u00f3 la importancia de reconocer que son m\u00e1s los elementos que unen a M\u00e9xico y Colombia que los que los separan, por lo que reafirm\u00f3 su compromiso de continuar colaborando en beneficio de las ni\u00f1as, ni\u00f1os, adolescentes y j\u00f3venes de ambos pa\u00edses.<\/p>\n\n\n\n<p>El asesor pedag\u00f3gico Fernando Forero Cruz, representante de la Subsecretar\u00eda de Calidad de Colombia, Ana Milena Ort\u00edz S\u00e1nchez, destac\u00f3 que este ejercicio de intercambio acad\u00e9mico debe trascender no s\u00f3lo en lo pedag\u00f3gico, sino hacia \u00e1mbitos&nbsp; art\u00edsticos, culturales y tur\u00edsticos en beneficio de las y los estudiantes involucrados en el intercambio STEM entre ambos pa\u00edses.<\/p>\n\n\n\n<p>En el evento estuvo presente la delegaci\u00f3n del departamento de Cauca, Colombia, cuyos integrantes agradecieron el c\u00e1lido recibimiento otorgado por el gobierno de Tlaxcala a trav\u00e9s del secretario de Educaci\u00f3n P\u00fablica, Homero Meneses Hern\u00e1ndez.<\/p>\n\n\n\n<p>Al concluir la ceremonia, alumnos y maestras del Centro de Atenci\u00f3n Infantil (CAI) n\u00famero 5 de Huamantla, elaboraron mini alfombras de aserr\u00edn y presentaron una exposici\u00f3n fotogr\u00e1fica con las actividades m\u00e1s emblem\u00e1ticas de su regi\u00f3n, como muestra de identidad y creatividad tlaxcalteca.<\/p>\n","protected":false},"excerpt":{"rendered":"<p>En el marco del intercambio acad\u00e9mico entre Colombia y M\u00e9xico, se llev\u00f3 a cabo una ceremonia c\u00edvica en las oficinas centrales de la Secretar\u00eda de Educaci\u00f3n P\u00fablica del Estado y la Unidad de Servicios Educativos del Estado de Tlaxcala (SEPE-USET), con la participaci\u00f3n de autoridades educativas, docentes y estudiantes de ambas naciones. El acto solemne, [&hellip;]<\/p>\n","protected":false},"author":4,"featured_media":99127,"comment_status":"open","ping_status":"open","sticky":false,"template":"","format":"standard","meta":{"om_disable_all_campaigns":false,"_monsterinsights_skip_tracking":false,"_monsterinsights_sitenote_active":false,"_monsterinsights_sitenote_note":"","_monsterinsights_sitenote_category":0,"jnews-multi-image_gallery":[],"jnews_single_post":{"format":"standard"},"jnews_primary_category":[],"footnotes":""},"categories":[1],"tags":[],"class_list":["post-99126","post","type-post","status-publish","format-standard","has-post-thumbnail","hentry","category-uncategorized"],"aioseo_notices":[],"_links":{"self":[{"href":"https:\/\/estado29.mx\/index.php?rest_route=\/wp\/v2\/posts\/99126","targetHints":{"allow":["GET"]}}],"collection":[{"href":"https:\/\/estado29.mx\/index.php?rest_route=\/wp\/v2\/posts"}],"about":[{"href":"https:\/\/estado29.mx\/index.php?rest_route=\/wp\/v2\/types\/post"}],"author":[{"embeddable":true,"href":"https:\/\/estado29.mx\/index.php?rest_route=\/wp\/v2\/users\/4"}],"replies":[{"embeddable":true,"href":"https:\/\/estado29.mx\/index.php?rest_route=%2Fwp%2Fv2%2Fcomments&post=99126"}],"version-history":[{"count":1,"href":"https:\/\/estado29.mx\/index.php?rest_route=\/wp\/v2\/posts\/99126\/revisions"}],"predecessor-version":[{"id":99128,"href":"https:\/\/estado29.mx\/index.php?rest_route=\/wp\/v2\/posts\/99126\/revisions\/99128"}],"wp:featuredmedia":[{"embeddable":true,"href":"https:\/\/estado29.mx\/index.php?rest_route=\/wp\/v2\/media\/99127"}],"wp:attachment":[{"href":"https:\/\/estado29.mx\/index.php?rest_route=%2Fwp%2Fv2%2Fmedia&parent=99126"}],"wp:term":[{"taxonomy":"category","embeddable":true,"href":"https:\/\/estado29.mx\/index.php?rest_route=%2Fwp%2Fv2%2Fcategories&post=99126"},{"taxonomy":"post_tag","embeddable":true,"href":"https:\/\/estado29.mx\/index.php?rest_route=%2Fwp%2Fv2%2Ftags&post=99126"}],"curies":[{"name":"wp","href":"https:\/\/api.w.org\/{rel}","templated":true}]}}