{"id":99133,"date":"2025-10-29T08:03:05","date_gmt":"2025-10-29T14:03:05","guid":{"rendered":"https:\/\/estado29.mx\/?p=99133"},"modified":"2025-10-29T08:03:06","modified_gmt":"2025-10-29T14:03:06","slug":"tlaxcala-primer-estado-en-conformar-consejos-de-paz-y-justicia-civica","status":"publish","type":"post","link":"https:\/\/estado29.mx\/?p=99133","title":{"rendered":"Tlaxcala, primer estado en conformar consejos de paz y justicia c\u00edvica"},"content":{"rendered":"\n<p><\/p>\n\n\n\n<p>\u2022&nbsp;&nbsp;&nbsp;&nbsp;&nbsp;&nbsp;&nbsp;&nbsp;&nbsp; La gobernadora Lorena Cu\u00e9llar tom\u00f3 protesta a los consejos en el Cedart, con lo que la entidad se consolida como referente nacional en participaci\u00f3n ciudadana y reconstrucci\u00f3n del tejido social, al contar con las actas de los 60 cabildos municipales<\/p>\n\n\n\n<p>En la Ciudad Deportiva de Alto Rendimiento de Tlaxcala (Cedart), la gobernadora Lorena Cu\u00e9llar Cisneros tom\u00f3 protesta a los Consejos Estatal y Municipales de Paz, Justicia C\u00edvica y Reconstrucci\u00f3n del Tejido Social, con lo que Tlaxcala se convirti\u00f3 en el primer estado del pa\u00eds en integrar plenamente este modelo nacional de participaci\u00f3n ciudadana y seguridad comunitaria, al contar con las actas avaladas en los cabildos de los 60 ayuntamientos.<\/p>\n\n\n\n<p>\u201cSomos ejemplo nacional hoy en seguridad, y eso nos debe llenar de orgullo, porque la paz solo puede construirse si estamos unidos, a pesar de ser el estado con menos presupuesto, damos ejemplo nacional de compromiso, inversi\u00f3n y resultados en seguridad\u201d, afirm\u00f3 la mandataria, al reconocer el compromiso de las y los presidentes que diariamente acuden a las mesas de seguridad junto con su administraci\u00f3n.<\/p>\n\n\n\n<p>Cu\u00e9llar Cisneros subray\u00f3 que Tlaxcala es el estado que m\u00e1s ha invertido en seguridad en proporci\u00f3n a su presupuesto, con la construcci\u00f3n del C5i, la instalaci\u00f3n de 48 C2 municipales, la nueva Escuela de Polic\u00eda, la mejora de salarios y equipamiento, entre otras acciones.<\/p>\n\n\n\n<p>Asimismo, agradeci\u00f3 el respaldo del Gobierno de M\u00e9xico, especialmente de la presidenta Claudia Sheinbaum Pardo y de la Secretar\u00eda de Gobernaci\u00f3n, as\u00ed como la presencia de los poderes del estado y del obispo Julio C\u00e9sar Salcedo Aquino, \u201cporque la preocupaci\u00f3n de todos es que Tlaxcala siga siendo un estado de paz\u201d.<\/p>\n\n\n\n<p>Finalmente, Cu\u00e9llar Cisneros subray\u00f3 que la paz en Tlaxcala no es la ausencia de conflictos, sino la capacidad de resolver juntos los retos que agobian diariamente a los tlaxcaltecas. \u201cHoy creamos espacios de encuentro, de di\u00e1logo y de reconstrucci\u00f3n del tejido social, pues todos tenemos voz\u201d, puntualiz\u00f3.<\/p>\n\n\n\n<p>En su intervenci\u00f3n, la subsecretaria de Construcci\u00f3n de Paz, Participaci\u00f3n Social y Asuntos Religiosos de la Secretar\u00eda de Gobernaci\u00f3n, Roc\u00edo B\u00e1rcena Molina, destac\u00f3 el papel de Tlaxcala como referente nacional. \u201cEste estado, con tanta historia y tradici\u00f3n, le est\u00e1 poniendo el ejemplo a M\u00e9xico. Gracias, Lorena, lo logramos: los sue\u00f1os se cumplen\u201d, expres\u00f3.<\/p>\n\n\n\n<p>B\u00e1rcena Molina enfatiz\u00f3 que los consejos de paz representan una apuesta firme por la corresponsabilidad entre ciudadan\u00eda y gobierno, y record\u00f3 que la paz es el valor m\u00e1s preciado de la humanidad, que se construye todos los d\u00edas desde las comunidades, las familias y las escuelas\u201d.<\/p>\n\n\n\n<p>A\u00f1adi\u00f3 que M\u00e9xico \u201cno est\u00e1 condenado a la violencia, sino destinado a la paz\u201d, citando las palabras de la presidenta Claudia Sheinbaum.<\/p>\n\n\n\n<p>El titular de la Secretar\u00eda de Gobierno (Segob), Luis Antonio Ram\u00edrez Hern\u00e1ndez, resalt\u00f3 que Tlaxcala vuelve a hacer historia al ser pionero en desarrollar esta estrategia con la totalidad de sus municipios.<\/p>\n\n\n\n<p>\u201cEl acto que hoy realizamos no es un mero cumplimiento legal ni un acto protocolario: es un compromiso \u00e9tico y social con la paz, la justicia y el tejido comunitario\u201d, afirm\u00f3.<\/p>\n\n\n\n<p>Ram\u00edrez Hern\u00e1ndez agreg\u00f3 que estos consejos representan \u201csemillas de esperanza\u201d donde convergen los tres \u00f3rdenes de gobierno, la sociedad civil, las comunidades religiosas, las escuelas y las familias, pues la paz empieza en los hogares, en las calles y en las plazas.<\/p>\n\n\n\n<p>Con este acto, Tlaxcala reafirma su liderazgo nacional en la prevenci\u00f3n de la violencia, consolidando un modelo de trabajo conjunto entre sociedad y gobierno.<\/p>\n","protected":false},"excerpt":{"rendered":"<p>\u2022&nbsp;&nbsp;&nbsp;&nbsp;&nbsp;&nbsp;&nbsp;&nbsp;&nbsp; La gobernadora Lorena Cu\u00e9llar tom\u00f3 protesta a los consejos en el Cedart, con lo que la entidad se consolida como referente nacional en participaci\u00f3n ciudadana y reconstrucci\u00f3n del tejido social, al contar con las actas de los 60 cabildos municipales En la Ciudad Deportiva de Alto Rendimiento de Tlaxcala (Cedart), la gobernadora Lorena Cu\u00e9llar [&hellip;]<\/p>\n","protected":false},"author":4,"featured_media":99134,"comment_status":"open","ping_status":"open","sticky":false,"template":"","format":"standard","meta":{"om_disable_all_campaigns":false,"_monsterinsights_skip_tracking":false,"_monsterinsights_sitenote_active":false,"_monsterinsights_sitenote_note":"","_monsterinsights_sitenote_category":0,"jnews-multi-image_gallery":[],"jnews_single_post":{"format":"standard"},"jnews_primary_category":[],"footnotes":""},"categories":[1],"tags":[],"class_list":["post-99133","post","type-post","status-publish","format-standard","has-post-thumbnail","hentry","category-uncategorized"],"aioseo_notices":[],"_links":{"self":[{"href":"https:\/\/estado29.mx\/index.php?rest_route=\/wp\/v2\/posts\/99133","targetHints":{"allow":["GET"]}}],"collection":[{"href":"https:\/\/estado29.mx\/index.php?rest_route=\/wp\/v2\/posts"}],"about":[{"href":"https:\/\/estado29.mx\/index.php?rest_route=\/wp\/v2\/types\/post"}],"author":[{"embeddable":true,"href":"https:\/\/estado29.mx\/index.php?rest_route=\/wp\/v2\/users\/4"}],"replies":[{"embeddable":true,"href":"https:\/\/estado29.mx\/index.php?rest_route=%2Fwp%2Fv2%2Fcomments&post=99133"}],"version-history":[{"count":1,"href":"https:\/\/estado29.mx\/index.php?rest_route=\/wp\/v2\/posts\/99133\/revisions"}],"predecessor-version":[{"id":99135,"href":"https:\/\/estado29.mx\/index.php?rest_route=\/wp\/v2\/posts\/99133\/revisions\/99135"}],"wp:featuredmedia":[{"embeddable":true,"href":"https:\/\/estado29.mx\/index.php?rest_route=\/wp\/v2\/media\/99134"}],"wp:attachment":[{"href":"https:\/\/estado29.mx\/index.php?rest_route=%2Fwp%2Fv2%2Fmedia&parent=99133"}],"wp:term":[{"taxonomy":"category","embeddable":true,"href":"https:\/\/estado29.mx\/index.php?rest_route=%2Fwp%2Fv2%2Fcategories&post=99133"},{"taxonomy":"post_tag","embeddable":true,"href":"https:\/\/estado29.mx\/index.php?rest_route=%2Fwp%2Fv2%2Ftags&post=99133"}],"curies":[{"name":"wp","href":"https:\/\/api.w.org\/{rel}","templated":true}]}}