{"id":99136,"date":"2025-10-29T08:05:48","date_gmt":"2025-10-29T14:05:48","guid":{"rendered":"https:\/\/estado29.mx\/?p=99136"},"modified":"2025-10-29T08:05:50","modified_gmt":"2025-10-29T14:05:50","slug":"piden-autoridades-tomar-precauciones-ante-el-cierre-de-la-carretera-mexico-veracruz","status":"publish","type":"post","link":"https:\/\/estado29.mx\/?p=99136","title":{"rendered":"Piden autoridades tomar precauciones ante el cierre de la carretera M\u00e9xico &#8211; Veracruz"},"content":{"rendered":"\n<p><\/p>\n\n\n\n<p>*Campesinos tlaxcaltecas retoman las movilizaciones en demanda de apoyos a autoridades federales<\/p>\n\n\n\n<p>Autoridades estatales pidieron a los automovilistas extremar precauciones y utilizar v\u00edas alternas ante el cierre de circulaci\u00f3n, por segundo d\u00eda consecutivo, de la carretera federal M\u00e9xico-Veracruz, en el tramo de Sanct\u00f3rum-Nanacamilpa, en el kil\u00f3metro 72+000, realizada por campesinos que piden apoyos al Gobierno de M\u00e9xico.<\/p>\n\n\n\n<p>El Secretariado Ejecutivo del Sistema Estatal de Seguridad P\u00fablica (SESESP) informa que, tras el monitoreo constante, a trav\u00e9s del sistema de videovigilancia del Centro de Control, Comando, Comunicaci\u00f3n, C\u00f3mputo, Coordinaci\u00f3n e Inteligencia (C5i), se observ\u00f3 en la zona a un grupo de personas cerrar el paso vial con tractores y un tort\u00f3n.<\/p>\n\n\n\n<p>Ante esta situaci\u00f3n, las autoridades estatales reiteran el llamado a extremar las debidas precauciones y utilizar v\u00edas alternas para evitar contratiempos y facilitar la movilidad en el tramo carretero.<\/p>\n\n\n\n<p>Cabe recordar que el pasado lunes campesinos tlaxcaltecas de Nanacamilpa, Sanct\u00f3rum y Espa\u00f1ita mantuvieron por 10 horas un bloqueo intermitente, a fin de que sean atendidas sus demandas dirigidas a autoridades federales.<\/p>\n\n\n\n<p>El secretario de Agricultura y Desarrollo Rural (Agricultura), Julio Berdegu\u00e9 Sacrist\u00e1n y un grupo de representantes de los campesinos instalaron una mesa de negociaci\u00f3n; sin embargo, no lograron acuerdos, por lo que no descartaron retomar las protestas en todo el pa\u00eds durante este martes.<\/p>\n","protected":false},"excerpt":{"rendered":"<p>*Campesinos tlaxcaltecas retoman las movilizaciones en demanda de apoyos a autoridades federales Autoridades estatales pidieron a los automovilistas extremar precauciones y utilizar v\u00edas alternas ante el cierre de circulaci\u00f3n, por segundo d\u00eda consecutivo, de la carretera federal M\u00e9xico-Veracruz, en el tramo de Sanct\u00f3rum-Nanacamilpa, en el kil\u00f3metro 72+000, realizada por campesinos que piden apoyos al Gobierno [&hellip;]<\/p>\n","protected":false},"author":4,"featured_media":99137,"comment_status":"open","ping_status":"open","sticky":false,"template":"","format":"standard","meta":{"om_disable_all_campaigns":false,"_monsterinsights_skip_tracking":false,"_monsterinsights_sitenote_active":false,"_monsterinsights_sitenote_note":"","_monsterinsights_sitenote_category":0,"jnews-multi-image_gallery":[],"jnews_single_post":{"format":"standard"},"jnews_primary_category":[],"footnotes":""},"categories":[1],"tags":[],"class_list":["post-99136","post","type-post","status-publish","format-standard","has-post-thumbnail","hentry","category-uncategorized"],"aioseo_notices":[],"_links":{"self":[{"href":"https:\/\/estado29.mx\/index.php?rest_route=\/wp\/v2\/posts\/99136","targetHints":{"allow":["GET"]}}],"collection":[{"href":"https:\/\/estado29.mx\/index.php?rest_route=\/wp\/v2\/posts"}],"about":[{"href":"https:\/\/estado29.mx\/index.php?rest_route=\/wp\/v2\/types\/post"}],"author":[{"embeddable":true,"href":"https:\/\/estado29.mx\/index.php?rest_route=\/wp\/v2\/users\/4"}],"replies":[{"embeddable":true,"href":"https:\/\/estado29.mx\/index.php?rest_route=%2Fwp%2Fv2%2Fcomments&post=99136"}],"version-history":[{"count":1,"href":"https:\/\/estado29.mx\/index.php?rest_route=\/wp\/v2\/posts\/99136\/revisions"}],"predecessor-version":[{"id":99138,"href":"https:\/\/estado29.mx\/index.php?rest_route=\/wp\/v2\/posts\/99136\/revisions\/99138"}],"wp:featuredmedia":[{"embeddable":true,"href":"https:\/\/estado29.mx\/index.php?rest_route=\/wp\/v2\/media\/99137"}],"wp:attachment":[{"href":"https:\/\/estado29.mx\/index.php?rest_route=%2Fwp%2Fv2%2Fmedia&parent=99136"}],"wp:term":[{"taxonomy":"category","embeddable":true,"href":"https:\/\/estado29.mx\/index.php?rest_route=%2Fwp%2Fv2%2Fcategories&post=99136"},{"taxonomy":"post_tag","embeddable":true,"href":"https:\/\/estado29.mx\/index.php?rest_route=%2Fwp%2Fv2%2Ftags&post=99136"}],"curies":[{"name":"wp","href":"https:\/\/api.w.org\/{rel}","templated":true}]}}