{"id":99139,"date":"2025-10-29T08:07:48","date_gmt":"2025-10-29T14:07:48","guid":{"rendered":"https:\/\/estado29.mx\/?p=99139"},"modified":"2025-10-29T08:07:49","modified_gmt":"2025-10-29T14:07:49","slug":"detiene-ssc-a-un-sujeto-por-portacion-de-replica-de-arma-de-fuego","status":"publish","type":"post","link":"https:\/\/estado29.mx\/?p=99139","title":{"rendered":"Detiene SSC a un sujeto por portaci\u00f3n de r\u00e9plica de arma de fuego"},"content":{"rendered":"\n<p><\/p>\n\n\n\n<p>* Adem\u00e1s, conduc\u00eda una motocicleta con predenuncia de robo.<\/p>\n\n\n\n<p>Elementos de la Secretar\u00eda de Seguridad Ciudadana (SSC) detuvieron a un hombre por la portaci\u00f3n de una r\u00e9plica de arma de fuego y por circular a bordo de una motocicleta con predenuncia de robo, durante labores de patrullaje y vigilancia preventiva realizadas en el municipio de Totolac.<\/p>\n\n\n\n<p>Los hechos ocurrieron cuando polic\u00edas estatales realizaban recorridos de seguridad y recibieron el reporte sobre una persona en actitud sospechosa a bordo de una motocicleta marca Italika, color negro, en la localidad de El Calvario, Santiago Tepeticpac.<\/p>\n\n\n\n<p>Ante el aviso, los elementos de seguridad se trasladaron al lugar se\u00f1alado y, al arribar, tuvieron contacto con un sujeto que coincid\u00eda con las caracter\u00edsticas descritas en el reporte. Al notar su presencia, le marcaron el alto, al cual el conductor accedi\u00f3 metros m\u00e1s adelante.<\/p>\n\n\n\n<p>Durante la entrevista inicial y la inspecci\u00f3n preventiva, el sujeto mostr\u00f3 una actitud nerviosa, por lo que los elementos procedieron a realizar una revisi\u00f3n conforme a los protocolos establecidos y con respeto a sus derechos humanos.<\/p>\n\n\n\n<p>Al efectuar la inspecci\u00f3n, los oficiales localizaron entre sus pertenencias una r\u00e9plica de arma de fuego tipo pistola y un objeto met\u00e1lico con caracter\u00edsticas similares a un cargador, los cuales portaba sin justificar su procedencia ni motivo. Asimismo, al verificar el estatus legal de la motocicleta a trav\u00e9s del Sistema Plataforma M\u00e9xico, se detect\u00f3 que contaba con predenuncia de robo.<\/p>\n\n\n\n<p>Por estos hechos, el hombre identificado como Francisco N., de 18 a\u00f1os de edad, fue detenido y puesto a disposici\u00f3n de la autoridad competente junto con la r\u00e9plica de arma de fuego y la motocicleta asegurada, para continuar con las investigaciones y determinar su situaci\u00f3n jur\u00eddica.<\/p>\n\n\n\n<p>La Secretar\u00eda de Seguridad Ciudadana reafirma su compromiso con la poblaci\u00f3n para mantener la paz y el orden en todo el territorio, mediante patrullajes permanentes, filtros de seguridad y la pronta atenci\u00f3n a los reportes ciudadanos, con el objetivo de prevenir hechos delictivos y fortalecer la confianza en las instituciones encargadas de la seguridad p\u00fablica.&nbsp;<\/p>\n","protected":false},"excerpt":{"rendered":"<p>* Adem\u00e1s, conduc\u00eda una motocicleta con predenuncia de robo. Elementos de la Secretar\u00eda de Seguridad Ciudadana (SSC) detuvieron a un hombre por la portaci\u00f3n de una r\u00e9plica de arma de fuego y por circular a bordo de una motocicleta con predenuncia de robo, durante labores de patrullaje y vigilancia preventiva realizadas en el municipio de [&hellip;]<\/p>\n","protected":false},"author":4,"featured_media":99140,"comment_status":"open","ping_status":"open","sticky":false,"template":"","format":"standard","meta":{"om_disable_all_campaigns":false,"_monsterinsights_skip_tracking":false,"_monsterinsights_sitenote_active":false,"_monsterinsights_sitenote_note":"","_monsterinsights_sitenote_category":0,"jnews-multi-image_gallery":[],"jnews_single_post":{"format":"standard"},"jnews_primary_category":[],"footnotes":""},"categories":[1],"tags":[],"class_list":["post-99139","post","type-post","status-publish","format-standard","has-post-thumbnail","hentry","category-uncategorized"],"aioseo_notices":[],"_links":{"self":[{"href":"https:\/\/estado29.mx\/index.php?rest_route=\/wp\/v2\/posts\/99139","targetHints":{"allow":["GET"]}}],"collection":[{"href":"https:\/\/estado29.mx\/index.php?rest_route=\/wp\/v2\/posts"}],"about":[{"href":"https:\/\/estado29.mx\/index.php?rest_route=\/wp\/v2\/types\/post"}],"author":[{"embeddable":true,"href":"https:\/\/estado29.mx\/index.php?rest_route=\/wp\/v2\/users\/4"}],"replies":[{"embeddable":true,"href":"https:\/\/estado29.mx\/index.php?rest_route=%2Fwp%2Fv2%2Fcomments&post=99139"}],"version-history":[{"count":1,"href":"https:\/\/estado29.mx\/index.php?rest_route=\/wp\/v2\/posts\/99139\/revisions"}],"predecessor-version":[{"id":99141,"href":"https:\/\/estado29.mx\/index.php?rest_route=\/wp\/v2\/posts\/99139\/revisions\/99141"}],"wp:featuredmedia":[{"embeddable":true,"href":"https:\/\/estado29.mx\/index.php?rest_route=\/wp\/v2\/media\/99140"}],"wp:attachment":[{"href":"https:\/\/estado29.mx\/index.php?rest_route=%2Fwp%2Fv2%2Fmedia&parent=99139"}],"wp:term":[{"taxonomy":"category","embeddable":true,"href":"https:\/\/estado29.mx\/index.php?rest_route=%2Fwp%2Fv2%2Fcategories&post=99139"},{"taxonomy":"post_tag","embeddable":true,"href":"https:\/\/estado29.mx\/index.php?rest_route=%2Fwp%2Fv2%2Ftags&post=99139"}],"curies":[{"name":"wp","href":"https:\/\/api.w.org\/{rel}","templated":true}]}}