{"id":99159,"date":"2025-10-30T07:33:37","date_gmt":"2025-10-30T13:33:37","guid":{"rendered":"https:\/\/estado29.mx\/?p=99159"},"modified":"2025-10-30T07:33:39","modified_gmt":"2025-10-30T13:33:39","slug":"amplia-smyt-plazo-para-regularizacion-de-titulos-de-concesion-del-servicio-publico","status":"publish","type":"post","link":"https:\/\/estado29.mx\/?p=99159","title":{"rendered":"Ampl\u00eda SMYT plazo para regularizaci\u00f3n de t\u00edtulos de concesi\u00f3n del servicio p\u00fablico"},"content":{"rendered":"\n<p><\/p>\n\n\n\n<p>\u2022&nbsp;&nbsp;&nbsp;&nbsp;&nbsp;&nbsp;&nbsp;&nbsp;&nbsp; Los interesados podr\u00e1n realizar el tr\u00e1mite hasta el 31 de diciembre de 2025, con una reducci\u00f3n del 50 por ciento en el costo<\/p>\n\n\n\n<p>El secretario de Movilidad y Transporte (SMyT), Marco Tulio Munive Temoltzin, inform\u00f3 que el plazo para personas que deseen regularizar su t\u00edtulo de concesi\u00f3n se ampl\u00eda hasta el 31 de diciembre de 2025, con una reducci\u00f3n del 50 por ciento en su costo.<\/p>\n\n\n\n<p>Durante su participaci\u00f3n en el ejercicio semanal Di\u00e1logo Circular, Munive Temoltzin explic\u00f3 que el art\u00edculo cuarto de la Ley de Comunicaciones y Transporte vigente en el estado establece que, para que particulares tengan derecho a las v\u00edas de comunicaci\u00f3n utilizar con fines comerciales, deben contar con el t\u00edtulo de concesi\u00f3n o autorizaci\u00f3n del Ejecutivo estatal.<\/p>\n\n\n\n<p>Detall\u00f3 que, por instrucciones de la gobernadora Lorena Cu\u00e9llar Cisneros, el pasado 16 de abril, se public\u00f3 la Miscel\u00e1nea Fiscal 2025, la cual permite a las empresas y personas f\u00edsicas, que presten el servicio de transporte p\u00fablico y carezcan de este documento, obtenerlo con una reducci\u00f3n del 50 por ciento en el pago de derechos, siempre que cumplan con los requisitos establecidos y est\u00e9n al corriente en sus contribuciones.<\/p>\n\n\n\n<p>\u201cEl costo para regularizar es al 50 por ciento y oscila en alrededor de 32 mil pesos el costo de la regularizaci\u00f3n. A la fecha, las concesiones regularizadas est\u00e1n en 90 y en proceso 74. Entonces, vamos avanzando con este proceso. Se han acercado colectivos y empresas a hacer el tr\u00e1mite correspondiente ante la Secretar\u00eda\u201d, expuso.<\/p>\n\n\n\n<p>Explic\u00f3 que el pasado 2 de octubre, la titular del Ejecutivo encabez\u00f3 la entrega de t\u00edtulos regularizados e instruy\u00f3 ampliar esta facilidad administrativa para resolver el problema que arrastra la dependencia estatal hasta antes de 1999, a\u00f1o en que se public\u00f3 un decreto en el que se determin\u00f3 no expedir concesiones.<\/p>\n\n\n\n<p>Agreg\u00f3 que, en dicho periodo, la autorizaci\u00f3n se dio con el prop\u00f3sito de resolver la necesidad de movilidad y garantizar el servicio, pero en la mayor\u00eda de los casos no realizaron el tr\u00e1mite para obtener el t\u00edtulo de concesi\u00f3n.<\/p>\n\n\n\n<p>Se\u00f1al\u00f3 que la SMyT tiene el registro de un total de 5 mil 600 concesiones, de las cuales el 70 por ciento carecen de t\u00edtulo de concesi\u00f3n.<\/p>\n\n\n\n<p>\u201cHemos publicado diferentes acuerdos. Ustedes han estado atentos a las publicaciones, y difundimos en el Peri\u00f3dico Oficial (del Gobierno del Estado) las concesiones regularizadas, la misma ampliaci\u00f3n del plazo de la Miscel\u00e1nea Fiscal. Como dato muy importante, todos los acuerdos de transporte colectivo se publican en el Peri\u00f3dico Oficial, desde las declaratorias de necesidad, los acuerdos de concesi\u00f3n la regularizaci\u00f3n, y hay tr\u00e1mites de cancelaci\u00f3n de licencias o de alguna concesi\u00f3n\u201d, puntualiz\u00f3.<\/p>\n\n\n\n<p>Munive Temoltzin refrend\u00f3 el compromiso del gobierno estatal con la transparencia y la legalidad para garantizar un servicio ordenado, seguro y confiable para las y los tlaxcaltecas.<\/p>\n","protected":false},"excerpt":{"rendered":"<p>\u2022&nbsp;&nbsp;&nbsp;&nbsp;&nbsp;&nbsp;&nbsp;&nbsp;&nbsp; Los interesados podr\u00e1n realizar el tr\u00e1mite hasta el 31 de diciembre de 2025, con una reducci\u00f3n del 50 por ciento en el costo El secretario de Movilidad y Transporte (SMyT), Marco Tulio Munive Temoltzin, inform\u00f3 que el plazo para personas que deseen regularizar su t\u00edtulo de concesi\u00f3n se ampl\u00eda hasta el 31 de diciembre [&hellip;]<\/p>\n","protected":false},"author":4,"featured_media":99160,"comment_status":"open","ping_status":"open","sticky":false,"template":"","format":"standard","meta":{"om_disable_all_campaigns":false,"_monsterinsights_skip_tracking":false,"_monsterinsights_sitenote_active":false,"_monsterinsights_sitenote_note":"","_monsterinsights_sitenote_category":0,"jnews-multi-image_gallery":[],"jnews_single_post":{"format":"standard"},"jnews_primary_category":[],"footnotes":""},"categories":[1],"tags":[],"class_list":["post-99159","post","type-post","status-publish","format-standard","has-post-thumbnail","hentry","category-uncategorized"],"aioseo_notices":[],"_links":{"self":[{"href":"https:\/\/estado29.mx\/index.php?rest_route=\/wp\/v2\/posts\/99159","targetHints":{"allow":["GET"]}}],"collection":[{"href":"https:\/\/estado29.mx\/index.php?rest_route=\/wp\/v2\/posts"}],"about":[{"href":"https:\/\/estado29.mx\/index.php?rest_route=\/wp\/v2\/types\/post"}],"author":[{"embeddable":true,"href":"https:\/\/estado29.mx\/index.php?rest_route=\/wp\/v2\/users\/4"}],"replies":[{"embeddable":true,"href":"https:\/\/estado29.mx\/index.php?rest_route=%2Fwp%2Fv2%2Fcomments&post=99159"}],"version-history":[{"count":1,"href":"https:\/\/estado29.mx\/index.php?rest_route=\/wp\/v2\/posts\/99159\/revisions"}],"predecessor-version":[{"id":99161,"href":"https:\/\/estado29.mx\/index.php?rest_route=\/wp\/v2\/posts\/99159\/revisions\/99161"}],"wp:featuredmedia":[{"embeddable":true,"href":"https:\/\/estado29.mx\/index.php?rest_route=\/wp\/v2\/media\/99160"}],"wp:attachment":[{"href":"https:\/\/estado29.mx\/index.php?rest_route=%2Fwp%2Fv2%2Fmedia&parent=99159"}],"wp:term":[{"taxonomy":"category","embeddable":true,"href":"https:\/\/estado29.mx\/index.php?rest_route=%2Fwp%2Fv2%2Fcategories&post=99159"},{"taxonomy":"post_tag","embeddable":true,"href":"https:\/\/estado29.mx\/index.php?rest_route=%2Fwp%2Fv2%2Ftags&post=99159"}],"curies":[{"name":"wp","href":"https:\/\/api.w.org\/{rel}","templated":true}]}}