{"id":99163,"date":"2025-10-30T13:48:15","date_gmt":"2025-10-30T19:48:15","guid":{"rendered":"https:\/\/estado29.mx\/?p=99163"},"modified":"2025-10-30T13:48:16","modified_gmt":"2025-10-30T19:48:16","slug":"continuaran-bloqueos-por-campesinos-en-tlaxcala","status":"publish","type":"post","link":"https:\/\/estado29.mx\/?p=99163","title":{"rendered":"Continuar\u00e1n bloqueos por campesinos en Tlaxcala."},"content":{"rendered":"\n<p>Paco Ugarte.<\/p>\n\n\n\n<p>Efren L\u00f3pez, quien es presidente del comisariado ejidal de San Lorenzo Cuapiaxtla habl\u00f3 sobre las acciones que est\u00e1n tomando campesinos como presi\u00f3n a la autoridades para que sean tomadas en cuenta su pliego de peticiones.&nbsp;<\/p>\n\n\n\n<p>Se\u00f1al\u00f3 que aunque se ha llegado a un acuerdo por el precio del ma\u00edz, principalmente por estados del baj\u00edo como<\/p>\n\n\n\n<p>Michoac\u00e1n, Jalisco y Guanajuato, existen a\u00fan temas de gran importancia que deben de ser resueltos.&nbsp;<\/p>\n\n\n\n<p>Puntualiz\u00f3 que durante ayer mi\u00e9rcoles y hasta esta hora se mantiene un cierre total en las v\u00edas f\u00e9rreas en San Jos\u00e9 Cuamatzingo en Mu\u00f1oz de Domingo Arenas.<\/p>\n\n\n\n<p>En el caso de la autopista del arco norte, se manten\u00edan bloqueos de 2 horas y 1\/2 hora abr\u00edan la circulaci\u00f3n, sin embargo, si para este jueves no hay respuesta por parte de las autoridades, har\u00e1n el cierre total a tan importante v\u00eda de comunicaci\u00f3n.&nbsp;<\/p>\n\n\n\n<p>Lament\u00f3 las molestias que pueden generar a la ciudadan\u00eda, no obstante Efren L\u00f3pez, se\u00f1al\u00f3 no es un capricho sino exigencias que deber\u00edan de haber sido tomadas en cuenta desde hace mucho tiempo.&nbsp;<\/p>\n","protected":false},"excerpt":{"rendered":"<p>Paco Ugarte. Efren L\u00f3pez, quien es presidente del comisariado ejidal de San Lorenzo Cuapiaxtla habl\u00f3 sobre las acciones que est\u00e1n tomando campesinos como presi\u00f3n a la autoridades para que sean tomadas en cuenta su pliego de peticiones.&nbsp; Se\u00f1al\u00f3 que aunque se ha llegado a un acuerdo por el precio del ma\u00edz, principalmente por estados del [&hellip;]<\/p>\n","protected":false},"author":5,"featured_media":99164,"comment_status":"open","ping_status":"open","sticky":false,"template":"","format":"standard","meta":{"om_disable_all_campaigns":false,"_monsterinsights_skip_tracking":false,"_monsterinsights_sitenote_active":false,"_monsterinsights_sitenote_note":"","_monsterinsights_sitenote_category":0,"jnews-multi-image_gallery":[],"jnews_single_post":{"format":"standard"},"jnews_primary_category":[],"footnotes":""},"categories":[1],"tags":[],"class_list":["post-99163","post","type-post","status-publish","format-standard","has-post-thumbnail","hentry","category-uncategorized"],"aioseo_notices":[],"_links":{"self":[{"href":"https:\/\/estado29.mx\/index.php?rest_route=\/wp\/v2\/posts\/99163","targetHints":{"allow":["GET"]}}],"collection":[{"href":"https:\/\/estado29.mx\/index.php?rest_route=\/wp\/v2\/posts"}],"about":[{"href":"https:\/\/estado29.mx\/index.php?rest_route=\/wp\/v2\/types\/post"}],"author":[{"embeddable":true,"href":"https:\/\/estado29.mx\/index.php?rest_route=\/wp\/v2\/users\/5"}],"replies":[{"embeddable":true,"href":"https:\/\/estado29.mx\/index.php?rest_route=%2Fwp%2Fv2%2Fcomments&post=99163"}],"version-history":[{"count":1,"href":"https:\/\/estado29.mx\/index.php?rest_route=\/wp\/v2\/posts\/99163\/revisions"}],"predecessor-version":[{"id":99165,"href":"https:\/\/estado29.mx\/index.php?rest_route=\/wp\/v2\/posts\/99163\/revisions\/99165"}],"wp:featuredmedia":[{"embeddable":true,"href":"https:\/\/estado29.mx\/index.php?rest_route=\/wp\/v2\/media\/99164"}],"wp:attachment":[{"href":"https:\/\/estado29.mx\/index.php?rest_route=%2Fwp%2Fv2%2Fmedia&parent=99163"}],"wp:term":[{"taxonomy":"category","embeddable":true,"href":"https:\/\/estado29.mx\/index.php?rest_route=%2Fwp%2Fv2%2Fcategories&post=99163"},{"taxonomy":"post_tag","embeddable":true,"href":"https:\/\/estado29.mx\/index.php?rest_route=%2Fwp%2Fv2%2Ftags&post=99163"}],"curies":[{"name":"wp","href":"https:\/\/api.w.org\/{rel}","templated":true}]}}