{"id":99175,"date":"2025-10-30T21:02:07","date_gmt":"2025-10-31T03:02:07","guid":{"rendered":"https:\/\/estado29.mx\/?p=99175"},"modified":"2025-10-30T21:02:10","modified_gmt":"2025-10-31T03:02:10","slug":"celebra-el-jardin-de-ninos-jose-castelar-69-anos-de-su-fundacion","status":"publish","type":"post","link":"https:\/\/estado29.mx\/?p=99175","title":{"rendered":"Celebra el jard\u00edn de ni\u00f1os Jos\u00e9 Castelar 69 a\u00f1os de su fundaci\u00f3n.\u00a0"},"content":{"rendered":"\n<p>Paco Ugarte.&nbsp;<\/p>\n\n\n\n<p>Durante este d\u00eda, se desarrollaron una serie de actividades con motivo del aniversario n\u00famero 69 de la fundaci\u00f3n del Jard\u00edn de Ni\u00f1os Josefa Castelar, conocido en Huamantla como \u201cLos caballitos\u201d.&nbsp;<\/p>\n\n\n\n<p>En el evento, se aprovech\u00f3 la temporada de Todos Santos para que los peque\u00f1os estudiantes representaran a trav\u00e9s de cantos y bailables las tradiciones que nos identifican como mexicanos.<\/p>\n\n\n\n<p>En su oportunidad, Guillermina D\u00edaz Tepepa, directora de la instituci\u00f3n, record\u00f3 a los docentes fundadores, estudiantes y dem\u00e1s autoridades de diferentes rubros quienes han contribuido al desarrollo del jard\u00edn de ni\u00f1os.&nbsp;<\/p>\n\n\n\n<p>\u201cGracias a quienes laboran en nuestra escuela, personal de intendencia, padres de familia y la parte primordial, los peque\u00f1itos por quienes todos los d\u00edas nos esforzamos para seguir formando grandes personas\u2026\u201d expres\u00f3 la directora del jard\u00edn.&nbsp;&nbsp;<\/p>\n","protected":false},"excerpt":{"rendered":"<p>Paco Ugarte.&nbsp; Durante este d\u00eda, se desarrollaron una serie de actividades con motivo del aniversario n\u00famero 69 de la fundaci\u00f3n del Jard\u00edn de Ni\u00f1os Josefa Castelar, conocido en Huamantla como \u201cLos caballitos\u201d.&nbsp; En el evento, se aprovech\u00f3 la temporada de Todos Santos para que los peque\u00f1os estudiantes representaran a trav\u00e9s de cantos y bailables las [&hellip;]<\/p>\n","protected":false},"author":5,"featured_media":99176,"comment_status":"open","ping_status":"open","sticky":false,"template":"","format":"standard","meta":{"om_disable_all_campaigns":false,"_monsterinsights_skip_tracking":false,"_monsterinsights_sitenote_active":false,"_monsterinsights_sitenote_note":"","_monsterinsights_sitenote_category":0,"jnews-multi-image_gallery":[],"jnews_single_post":{"format":"standard"},"jnews_primary_category":[],"footnotes":""},"categories":[1],"tags":[],"class_list":["post-99175","post","type-post","status-publish","format-standard","has-post-thumbnail","hentry","category-uncategorized"],"aioseo_notices":[],"_links":{"self":[{"href":"https:\/\/estado29.mx\/index.php?rest_route=\/wp\/v2\/posts\/99175","targetHints":{"allow":["GET"]}}],"collection":[{"href":"https:\/\/estado29.mx\/index.php?rest_route=\/wp\/v2\/posts"}],"about":[{"href":"https:\/\/estado29.mx\/index.php?rest_route=\/wp\/v2\/types\/post"}],"author":[{"embeddable":true,"href":"https:\/\/estado29.mx\/index.php?rest_route=\/wp\/v2\/users\/5"}],"replies":[{"embeddable":true,"href":"https:\/\/estado29.mx\/index.php?rest_route=%2Fwp%2Fv2%2Fcomments&post=99175"}],"version-history":[{"count":1,"href":"https:\/\/estado29.mx\/index.php?rest_route=\/wp\/v2\/posts\/99175\/revisions"}],"predecessor-version":[{"id":99177,"href":"https:\/\/estado29.mx\/index.php?rest_route=\/wp\/v2\/posts\/99175\/revisions\/99177"}],"wp:featuredmedia":[{"embeddable":true,"href":"https:\/\/estado29.mx\/index.php?rest_route=\/wp\/v2\/media\/99176"}],"wp:attachment":[{"href":"https:\/\/estado29.mx\/index.php?rest_route=%2Fwp%2Fv2%2Fmedia&parent=99175"}],"wp:term":[{"taxonomy":"category","embeddable":true,"href":"https:\/\/estado29.mx\/index.php?rest_route=%2Fwp%2Fv2%2Fcategories&post=99175"},{"taxonomy":"post_tag","embeddable":true,"href":"https:\/\/estado29.mx\/index.php?rest_route=%2Fwp%2Fv2%2Ftags&post=99175"}],"curies":[{"name":"wp","href":"https:\/\/api.w.org\/{rel}","templated":true}]}}