{"id":99190,"date":"2025-11-02T22:37:06","date_gmt":"2025-11-03T04:37:06","guid":{"rendered":"https:\/\/estado29.mx\/?p=99190"},"modified":"2025-11-02T22:37:08","modified_gmt":"2025-11-03T04:37:08","slug":"el-ayuntamiento-de-tlaxcala-celebra-la-vida-y-la-muerte-con-muestra-de-ballet","status":"publish","type":"post","link":"https:\/\/estado29.mx\/?p=99190","title":{"rendered":"El Ayuntamiento de Tlaxcala celebra la vida y la muerte con muestra de ballet"},"content":{"rendered":"\n<figure class=\"wp-block-image size-full\"><img loading=\"lazy\" decoding=\"async\" width=\"773\" height=\"510\" src=\"https:\/\/estado29.mx\/wp-content\/uploads\/2025\/11\/image.png\" alt=\"\" class=\"wp-image-99191\" srcset=\"https:\/\/estado29.mx\/wp-content\/uploads\/2025\/11\/image.png 773w, https:\/\/estado29.mx\/wp-content\/uploads\/2025\/11\/image-300x198.png 300w, https:\/\/estado29.mx\/wp-content\/uploads\/2025\/11\/image-768x507.png 768w, https:\/\/estado29.mx\/wp-content\/uploads\/2025\/11\/image-750x495.png 750w\" sizes=\"auto, (max-width: 773px) 100vw, 773px\" \/><\/figure>\n\n\n\n<p>La Plaza de la Constituci\u00f3n se convirti\u00f3 este domingo en un escenario de color, m\u00fasica y tradici\u00f3n con la Muestra de Ballet Folkl\u00f3rico del D\u00eda de Muertos, organizada por el Ayuntamiento de la capital como parte del Festival de la Vida y la Muerte.<\/p>\n\n\n\n<p>El p\u00fablico disfrut\u00f3 de una tarde llena de ritmo y orgullo mexicano con la presentaci\u00f3n de la Compa\u00f1\u00eda de Danza Folkl\u00f3rica Xicoht\u00e9ncatl y la Compa\u00f1\u00eda Folkl\u00f3rica Izel, proveniente del estado de Veracruz. Ambas agrupaciones deleitaron a los asistentes con interpretaciones emblem\u00e1ticas como El Jarabe Tapat\u00edo, Veracruz, El Son de la Negra y la espectacular Danza de los Cuchillos.<\/p>\n\n\n\n<p>Desde las 13:30 horas, decenas de familias se reunieron para celebrar nuestras ra\u00edces en un ambiente de convivencia y alegr\u00eda. El evento, que tuvo una duraci\u00f3n aproximada de una hora, se convirti\u00f3 en una muestra de la cultura popular.<\/p>\n\n\n\n<p>El Ayuntamiento de Tlaxcala, que preside Alfonso S\u00e1nchez Garc\u00eda, contin\u00faa con el impulso de actividades que fortalecen la vida cultural del municipio y promueven el acceso de las familias a expresiones art\u00edsticas de calidad<\/p>\n\n\n","protected":false},"excerpt":{"rendered":"<p>La Plaza de la Constituci\u00f3n se convirti\u00f3 este domingo en un escenario de color, m\u00fasica y tradici\u00f3n con la Muestra de Ballet Folkl\u00f3rico del D\u00eda de Muertos, organizada por el Ayuntamiento de la capital como parte del Festival de la Vida y la Muerte. El p\u00fablico disfrut\u00f3 de una tarde llena de ritmo y orgullo [&hellip;]<\/p>\n","protected":false},"author":9,"featured_media":0,"comment_status":"open","ping_status":"open","sticky":false,"template":"","format":"standard","meta":{"om_disable_all_campaigns":false,"_monsterinsights_skip_tracking":false,"_monsterinsights_sitenote_active":false,"_monsterinsights_sitenote_note":"","_monsterinsights_sitenote_category":0,"jnews-multi-image_gallery":[],"jnews_single_post":{"format":"standard"},"jnews_primary_category":[],"footnotes":""},"categories":[1],"tags":[],"class_list":["post-99190","post","type-post","status-publish","format-standard","hentry","category-uncategorized"],"aioseo_notices":[],"_links":{"self":[{"href":"https:\/\/estado29.mx\/index.php?rest_route=\/wp\/v2\/posts\/99190","targetHints":{"allow":["GET"]}}],"collection":[{"href":"https:\/\/estado29.mx\/index.php?rest_route=\/wp\/v2\/posts"}],"about":[{"href":"https:\/\/estado29.mx\/index.php?rest_route=\/wp\/v2\/types\/post"}],"author":[{"embeddable":true,"href":"https:\/\/estado29.mx\/index.php?rest_route=\/wp\/v2\/users\/9"}],"replies":[{"embeddable":true,"href":"https:\/\/estado29.mx\/index.php?rest_route=%2Fwp%2Fv2%2Fcomments&post=99190"}],"version-history":[{"count":1,"href":"https:\/\/estado29.mx\/index.php?rest_route=\/wp\/v2\/posts\/99190\/revisions"}],"predecessor-version":[{"id":99192,"href":"https:\/\/estado29.mx\/index.php?rest_route=\/wp\/v2\/posts\/99190\/revisions\/99192"}],"wp:attachment":[{"href":"https:\/\/estado29.mx\/index.php?rest_route=%2Fwp%2Fv2%2Fmedia&parent=99190"}],"wp:term":[{"taxonomy":"category","embeddable":true,"href":"https:\/\/estado29.mx\/index.php?rest_route=%2Fwp%2Fv2%2Fcategories&post=99190"},{"taxonomy":"post_tag","embeddable":true,"href":"https:\/\/estado29.mx\/index.php?rest_route=%2Fwp%2Fv2%2Ftags&post=99190"}],"curies":[{"name":"wp","href":"https:\/\/api.w.org\/{rel}","templated":true}]}}