{"id":99193,"date":"2025-11-02T22:38:32","date_gmt":"2025-11-03T04:38:32","guid":{"rendered":"https:\/\/estado29.mx\/?p=99193"},"modified":"2025-11-02T22:38:34","modified_gmt":"2025-11-03T04:38:34","slug":"tradicion-alegria-y-arte-se-vivieron-en-el-festival-vida-huamantla","status":"publish","type":"post","link":"https:\/\/estado29.mx\/?p=99193","title":{"rendered":"Tradici\u00f3n, alegr\u00eda y arte se vivieron en el Festival \u201cVida Huamantla\u201d"},"content":{"rendered":"\n<figure class=\"wp-block-image size-full\"><img loading=\"lazy\" decoding=\"async\" width=\"770\" height=\"514\" src=\"https:\/\/estado29.mx\/wp-content\/uploads\/2025\/11\/image-1.png\" alt=\"\" class=\"wp-image-99194\" srcset=\"https:\/\/estado29.mx\/wp-content\/uploads\/2025\/11\/image-1.png 770w, https:\/\/estado29.mx\/wp-content\/uploads\/2025\/11\/image-1-300x200.png 300w, https:\/\/estado29.mx\/wp-content\/uploads\/2025\/11\/image-1-768x513.png 768w, https:\/\/estado29.mx\/wp-content\/uploads\/2025\/11\/image-1-750x501.png 750w\" sizes=\"auto, (max-width: 770px) 100vw, 770px\" \/><\/figure>\n\n\n\n<p>Entre risas, m\u00fasica y color, el Pueblo M\u00e1gico de Huamantla vivi\u00f3 una de las celebraciones m\u00e1s esperadas del a\u00f1o, una fiesta que honra nuestras tradiciones y celebra con orgullo la riqueza cultural que distingue a nuestro municipio.<\/p>\n\n\n\n<p>El presidente municipal Salvador Santos Cedillo comparti\u00f3 momentos de gran alegr\u00eda al entregar la tradicional calaverita a todas las ni\u00f1as y ni\u00f1os que asistieron acompa\u00f1ados de sus familias, llenando el ambiente de sonrisas, entusiasmo y el esp\u00edritu festivo que caracteriza a Huamantla.<\/p>\n\n\n\n<p>Durante toda la jornada, las y los asistentes disfrutaron de presentaciones art\u00edsticas coloridas, llenas de talento local y de expresiones que rindieron homenaje a nuestras ra\u00edces. Uno de los momentos m\u00e1s esperados fue el concurso de disfraces \u201cTerror y Cempas\u00fachil\u201d, que reuni\u00f3 a participantes de todas las edades con impresionantes caracterizaciones que no solo sorprendieron por su creatividad visual, sino tambi\u00e9n por la manera en que cada participante dio vida a su personaje en el escenario, logrando verdaderas puestas en escena que maravillaron al p\u00fablico.<\/p>\n\n\n\n<p>Para cerrar con broche de oro, la emoci\u00f3n se desbord\u00f3 con el concierto de Lokomotora Rock Band, que encendi\u00f3 el ambiente con su energ\u00eda y su talento, haciendo cantar, bailar y vibrar a todos los presentes. Cada acorde se convirti\u00f3 en una celebraci\u00f3n de la vida, de la m\u00fasica y de la uni\u00f3n familiar que hace de este festival una experiencia inolvidable.<\/p>\n\n\n\n<p>As\u00ed, entre luces, m\u00fasica, arte y tradici\u00f3n, Huamantla reafirm\u00f3 su identidad como un Pueblo M\u00e1gico lleno de vida, historia y creatividad, consolid\u00e1ndose una vez m\u00e1s como un referente de orgullo, cultura y arte ef\u00edmero en todo Tlaxcala.<\/p>\n","protected":false},"excerpt":{"rendered":"<p>Entre risas, m\u00fasica y color, el Pueblo M\u00e1gico de Huamantla vivi\u00f3 una de las celebraciones m\u00e1s esperadas del a\u00f1o, una fiesta que honra nuestras tradiciones y celebra con orgullo la riqueza cultural que distingue a nuestro municipio. El presidente municipal Salvador Santos Cedillo comparti\u00f3 momentos de gran alegr\u00eda al entregar la tradicional calaverita a todas [&hellip;]<\/p>\n","protected":false},"author":9,"featured_media":0,"comment_status":"open","ping_status":"open","sticky":false,"template":"","format":"standard","meta":{"om_disable_all_campaigns":false,"_monsterinsights_skip_tracking":false,"_monsterinsights_sitenote_active":false,"_monsterinsights_sitenote_note":"","_monsterinsights_sitenote_category":0,"jnews-multi-image_gallery":[],"jnews_single_post":{"format":"standard"},"jnews_primary_category":[],"footnotes":""},"categories":[1],"tags":[],"class_list":["post-99193","post","type-post","status-publish","format-standard","hentry","category-uncategorized"],"aioseo_notices":[],"_links":{"self":[{"href":"https:\/\/estado29.mx\/index.php?rest_route=\/wp\/v2\/posts\/99193","targetHints":{"allow":["GET"]}}],"collection":[{"href":"https:\/\/estado29.mx\/index.php?rest_route=\/wp\/v2\/posts"}],"about":[{"href":"https:\/\/estado29.mx\/index.php?rest_route=\/wp\/v2\/types\/post"}],"author":[{"embeddable":true,"href":"https:\/\/estado29.mx\/index.php?rest_route=\/wp\/v2\/users\/9"}],"replies":[{"embeddable":true,"href":"https:\/\/estado29.mx\/index.php?rest_route=%2Fwp%2Fv2%2Fcomments&post=99193"}],"version-history":[{"count":1,"href":"https:\/\/estado29.mx\/index.php?rest_route=\/wp\/v2\/posts\/99193\/revisions"}],"predecessor-version":[{"id":99195,"href":"https:\/\/estado29.mx\/index.php?rest_route=\/wp\/v2\/posts\/99193\/revisions\/99195"}],"wp:attachment":[{"href":"https:\/\/estado29.mx\/index.php?rest_route=%2Fwp%2Fv2%2Fmedia&parent=99193"}],"wp:term":[{"taxonomy":"category","embeddable":true,"href":"https:\/\/estado29.mx\/index.php?rest_route=%2Fwp%2Fv2%2Fcategories&post=99193"},{"taxonomy":"post_tag","embeddable":true,"href":"https:\/\/estado29.mx\/index.php?rest_route=%2Fwp%2Fv2%2Ftags&post=99193"}],"curies":[{"name":"wp","href":"https:\/\/api.w.org\/{rel}","templated":true}]}}