{"id":99196,"date":"2025-11-02T22:41:56","date_gmt":"2025-11-03T04:41:56","guid":{"rendered":"https:\/\/estado29.mx\/?p=99196"},"modified":"2025-11-02T22:41:59","modified_gmt":"2025-11-03T04:41:59","slug":"este-ano-dedicamos-ofrenda-de-dia-de-muertos-a-las-mujeres-indigenas-las-ancestras-de-mexico-presidenta-claudia-sheinbaum","status":"publish","type":"post","link":"https:\/\/estado29.mx\/?p=99196","title":{"rendered":"Este a\u00f1o dedicamos ofrenda de D\u00eda de Muertos a las mujeres ind\u00edgenas, las ancestras de M\u00e9xico: presidenta Claudia Sheinbaum"},"content":{"rendered":"\n<figure class=\"wp-block-image size-full\"><img loading=\"lazy\" decoding=\"async\" width=\"945\" height=\"614\" src=\"https:\/\/estado29.mx\/wp-content\/uploads\/2025\/11\/image-2.png\" alt=\"\" class=\"wp-image-99197\" srcset=\"https:\/\/estado29.mx\/wp-content\/uploads\/2025\/11\/image-2.png 945w, https:\/\/estado29.mx\/wp-content\/uploads\/2025\/11\/image-2-300x195.png 300w, https:\/\/estado29.mx\/wp-content\/uploads\/2025\/11\/image-2-768x499.png 768w, https:\/\/estado29.mx\/wp-content\/uploads\/2025\/11\/image-2-750x487.png 750w\" sizes=\"auto, (max-width: 945px) 100vw, 945px\" \/><\/figure>\n\n\n\n<p> Desde Palacio Nacional, la Presidenta Claudia Sheinbaum Pardo inform\u00f3 que este a\u00f1o la celebraci\u00f3n del D\u00eda de Muertos est\u00e1 dedicada a las mujeres ind\u00edgenas del pa\u00eds, las ancestras de M\u00e9xico.<\/p>\n\n\n\n<p>\u201cEste a\u00f1o lo dedicamos a las ancestras de M\u00e9xico: las mujeres ind\u00edgenas de M\u00e9xico. En este a\u00f1o de la Mujer Ind\u00edgena celebramos el D\u00eda de Muertos a todas nuestras ancestras\u201d, resalt\u00f3 a trav\u00e9s de un video en sus redes sociales.<\/p>\n\n\n\n<p>La Jefa del Ejecutivo Federal mostr\u00f3 al pueblo de M\u00e9xico la ofrenda de D\u00eda de Muertos que se coloc\u00f3 en Palacio Nacional gracias al apoyo de la Secretar\u00eda de Cultura y del Instituto Nacional de Pueblos Ind\u00edgenas (INPI).<\/p>\n\n\n\n<p>\u201cEs esta hermos\u00edsima tradici\u00f3n del pueblo de M\u00e9xico de celebrar de una manera distinta a nuestros muertos que vienen a visitarnos en este D\u00eda de Muertos y los recordamos y les damos alimentos y los consentimos\u201d, explic\u00f3.<br>Record\u00f3 que se trata de una tradici\u00f3n muy distinta a las de otras culturas, ya que es una visi\u00f3n de la muerte que proviene de los pueblos originarios de nuestro pa\u00eds.<\/p>\n","protected":false},"excerpt":{"rendered":"<p>Desde Palacio Nacional, la Presidenta Claudia Sheinbaum Pardo inform\u00f3 que este a\u00f1o la celebraci\u00f3n del D\u00eda de Muertos est\u00e1 dedicada a las mujeres ind\u00edgenas del pa\u00eds, las ancestras de M\u00e9xico. \u201cEste a\u00f1o lo dedicamos a las ancestras de M\u00e9xico: las mujeres ind\u00edgenas de M\u00e9xico. En este a\u00f1o de la Mujer Ind\u00edgena celebramos el D\u00eda de [&hellip;]<\/p>\n","protected":false},"author":9,"featured_media":0,"comment_status":"open","ping_status":"open","sticky":false,"template":"","format":"standard","meta":{"om_disable_all_campaigns":false,"_monsterinsights_skip_tracking":false,"_monsterinsights_sitenote_active":false,"_monsterinsights_sitenote_note":"","_monsterinsights_sitenote_category":0,"jnews-multi-image_gallery":[],"jnews_single_post":{"format":"standard"},"jnews_primary_category":[],"footnotes":""},"categories":[1],"tags":[],"class_list":["post-99196","post","type-post","status-publish","format-standard","hentry","category-uncategorized"],"aioseo_notices":[],"_links":{"self":[{"href":"https:\/\/estado29.mx\/index.php?rest_route=\/wp\/v2\/posts\/99196","targetHints":{"allow":["GET"]}}],"collection":[{"href":"https:\/\/estado29.mx\/index.php?rest_route=\/wp\/v2\/posts"}],"about":[{"href":"https:\/\/estado29.mx\/index.php?rest_route=\/wp\/v2\/types\/post"}],"author":[{"embeddable":true,"href":"https:\/\/estado29.mx\/index.php?rest_route=\/wp\/v2\/users\/9"}],"replies":[{"embeddable":true,"href":"https:\/\/estado29.mx\/index.php?rest_route=%2Fwp%2Fv2%2Fcomments&post=99196"}],"version-history":[{"count":1,"href":"https:\/\/estado29.mx\/index.php?rest_route=\/wp\/v2\/posts\/99196\/revisions"}],"predecessor-version":[{"id":99198,"href":"https:\/\/estado29.mx\/index.php?rest_route=\/wp\/v2\/posts\/99196\/revisions\/99198"}],"wp:attachment":[{"href":"https:\/\/estado29.mx\/index.php?rest_route=%2Fwp%2Fv2%2Fmedia&parent=99196"}],"wp:term":[{"taxonomy":"category","embeddable":true,"href":"https:\/\/estado29.mx\/index.php?rest_route=%2Fwp%2Fv2%2Fcategories&post=99196"},{"taxonomy":"post_tag","embeddable":true,"href":"https:\/\/estado29.mx\/index.php?rest_route=%2Fwp%2Fv2%2Ftags&post=99196"}],"curies":[{"name":"wp","href":"https:\/\/api.w.org\/{rel}","templated":true}]}}