{"id":99199,"date":"2025-11-03T07:22:59","date_gmt":"2025-11-03T13:22:59","guid":{"rendered":"https:\/\/estado29.mx\/?p=99199"},"modified":"2025-11-03T07:23:01","modified_gmt":"2025-11-03T13:23:01","slug":"disminuye-en-48-incidencia-de-robo-de-vehiculo-automotor-en-tlaxcala","status":"publish","type":"post","link":"https:\/\/estado29.mx\/?p=99199","title":{"rendered":"Disminuye en 48% incidencia de robo de veh\u00edculo automotor en Tlaxcala"},"content":{"rendered":"\n<p><\/p>\n\n\n\n<p>\u2022&nbsp;&nbsp;&nbsp;&nbsp;&nbsp;&nbsp;&nbsp;&nbsp;&nbsp; En lo que va de 2025, este delito muestra una tendencia descendente en el estado, y por debajo de los niveles observados en 2024, gracias a la inversi\u00f3n hist\u00f3rica en equipamiento, tecnolog\u00eda e infraestructura, y a una estrecha coordinaci\u00f3n interinstitucional<\/p>\n\n\n\n<p>Como resultado de las acciones emprendidas en el marco de la estrategia estatal de seguridad p\u00fablica, Tlaxcala registr\u00f3 una disminuci\u00f3n de 48% en la incidencia de robo de veh\u00edculo automotor.<\/p>\n\n\n\n<p>Con base en informaci\u00f3n del Secretariado Ejecutivo del Sistema Nacional de Seguridad P\u00fablica (SESNSP), en el periodo de enero a septiembre de este a\u00f1o, se reportaron 689 casos de este il\u00edcito, mientras que, en el mismo periodo de 2024, la cifra fue de mil 334.<\/p>\n\n\n\n<p>El mismo reporte indica que, en lo que va de 2025, el robo de veh\u00edculo automotor en el estado muestra una tendencia descendente, y por debajo de los niveles observados el a\u00f1o pasado. Mientras en septiembre de 2024 se registraron 176 casos, en septiembre de este a\u00f1o la cifra fue de 62.<\/p>\n\n\n\n<p>Este logro es el resultado del impacto de la inversi\u00f3n hist\u00f3rica superior a los 8 mil millones de pesos para abatir m\u00e1s de dos d\u00e9cadas de rezago en equipamiento, tecnolog\u00eda e infraestructura en seguridad.<\/p>\n\n\n\n<p>Tambi\u00e9n, a la estrecha coordinaci\u00f3n interinstitucional impulsada por la administraci\u00f3n encabezada por la gobernadora Lorena Cu\u00e9llar Cisneros, en alineaci\u00f3n a la estrategia nacional de seguridad de la presidenta de M\u00e9xico, Claudia Sheinbaum Pardo.<\/p>\n\n\n\n<p>Actualmente, el estado cuenta con herramientas como arcos lectores fijos, m\u00f3viles y port\u00e1tiles, que han fortalecido la capacidad de prevenci\u00f3n y respuesta de las instituciones de seguridad ante el delito de robo de veh\u00edculo automotor.<\/p>\n\n\n\n<p>Asimismo, el gobierno estatal participa activamente en las reuniones nacionales y regionales para hacer frente a este y a otros il\u00edcitos, a fin de articular esfuerzos, compartir inteligencia y consolidar acciones, bajo una perspectiva integral y coordinada, que permitan reducir de manera efectiva su comisi\u00f3n, en beneficio de las familias tlaxcaltecas.<\/p>\n","protected":false},"excerpt":{"rendered":"<p>\u2022&nbsp;&nbsp;&nbsp;&nbsp;&nbsp;&nbsp;&nbsp;&nbsp;&nbsp; En lo que va de 2025, este delito muestra una tendencia descendente en el estado, y por debajo de los niveles observados en 2024, gracias a la inversi\u00f3n hist\u00f3rica en equipamiento, tecnolog\u00eda e infraestructura, y a una estrecha coordinaci\u00f3n interinstitucional Como resultado de las acciones emprendidas en el marco de la estrategia estatal de [&hellip;]<\/p>\n","protected":false},"author":4,"featured_media":99200,"comment_status":"open","ping_status":"open","sticky":false,"template":"","format":"standard","meta":{"om_disable_all_campaigns":false,"_monsterinsights_skip_tracking":false,"_monsterinsights_sitenote_active":false,"_monsterinsights_sitenote_note":"","_monsterinsights_sitenote_category":0,"jnews-multi-image_gallery":[],"jnews_single_post":{"format":"standard"},"jnews_primary_category":[],"footnotes":""},"categories":[1],"tags":[],"class_list":["post-99199","post","type-post","status-publish","format-standard","has-post-thumbnail","hentry","category-uncategorized"],"aioseo_notices":[],"_links":{"self":[{"href":"https:\/\/estado29.mx\/index.php?rest_route=\/wp\/v2\/posts\/99199","targetHints":{"allow":["GET"]}}],"collection":[{"href":"https:\/\/estado29.mx\/index.php?rest_route=\/wp\/v2\/posts"}],"about":[{"href":"https:\/\/estado29.mx\/index.php?rest_route=\/wp\/v2\/types\/post"}],"author":[{"embeddable":true,"href":"https:\/\/estado29.mx\/index.php?rest_route=\/wp\/v2\/users\/4"}],"replies":[{"embeddable":true,"href":"https:\/\/estado29.mx\/index.php?rest_route=%2Fwp%2Fv2%2Fcomments&post=99199"}],"version-history":[{"count":1,"href":"https:\/\/estado29.mx\/index.php?rest_route=\/wp\/v2\/posts\/99199\/revisions"}],"predecessor-version":[{"id":99201,"href":"https:\/\/estado29.mx\/index.php?rest_route=\/wp\/v2\/posts\/99199\/revisions\/99201"}],"wp:featuredmedia":[{"embeddable":true,"href":"https:\/\/estado29.mx\/index.php?rest_route=\/wp\/v2\/media\/99200"}],"wp:attachment":[{"href":"https:\/\/estado29.mx\/index.php?rest_route=%2Fwp%2Fv2%2Fmedia&parent=99199"}],"wp:term":[{"taxonomy":"category","embeddable":true,"href":"https:\/\/estado29.mx\/index.php?rest_route=%2Fwp%2Fv2%2Fcategories&post=99199"},{"taxonomy":"post_tag","embeddable":true,"href":"https:\/\/estado29.mx\/index.php?rest_route=%2Fwp%2Fv2%2Ftags&post=99199"}],"curies":[{"name":"wp","href":"https:\/\/api.w.org\/{rel}","templated":true}]}}