{"id":99211,"date":"2025-11-03T07:30:39","date_gmt":"2025-11-03T13:30:39","guid":{"rendered":"https:\/\/estado29.mx\/?p=99211"},"modified":"2025-11-03T07:30:41","modified_gmt":"2025-11-03T13:30:41","slug":"tlaxcala-sera-sede-del-festival-nacional-de-arte-y-cultura-de-los-cecyte-2026","status":"publish","type":"post","link":"https:\/\/estado29.mx\/?p=99211","title":{"rendered":"Tlaxcala ser\u00e1 sede del festival nacional de arte y cultura de los CECYTE 2026"},"content":{"rendered":"\n<p><\/p>\n\n\n\n<p>\u2022&nbsp;&nbsp;&nbsp;&nbsp;&nbsp;&nbsp;&nbsp;&nbsp;&nbsp; La delegaci\u00f3n tlaxcalteca destac\u00f3 en la edici\u00f3n 2025 con un tercer lugar nacional en poes\u00eda<\/p>\n\n\n\n<p>Tlaxcala fue designada como la pr\u00f3xima sede del Festival Nacional de Arte y Cultura de los CECyTE 2026, tras la destacada participaci\u00f3n de su delegaci\u00f3n en la edici\u00f3n 2025 celebrada en Bah\u00eda de Banderas, Nayarit, donde estudiantes del subsistema demostraron su talento, creatividad y compromiso con las artes.<\/p>\n\n\n\n<p>Durante la clausura del encuentro, el director general del Colegio de Estudios Cient\u00edficos y Tecnol\u00f3gicos (CECyTE\u2013EMSaD) Tlaxcala, Blas Marvin Mora Olvera, celebr\u00f3 el anuncio y expres\u00f3 el orgullo de que la entidad albergue la pr\u00f3xima edici\u00f3n del evento nacional, considerado uno de los m\u00e1s importantes del subsistema educativo.<\/p>\n\n\n\n<p>\u201cSer\u00e1 para nosotros muy grato poder recibirlos en Tlaxcala en 2026. Nos vemos muy pronto en nuestro bello estado\u201d, expres\u00f3 Mora Olvera, al agradecer el reconocimiento y reiterar el compromiso de la instituci\u00f3n con la formaci\u00f3n integral de su estudiantado.<\/p>\n\n\n\n<p>El Festival Nacional de Arte y Cultura de los CECyTE re\u00fane cada a\u00f1o a j\u00f3venes de todo el pa\u00eds para compartir expresiones art\u00edsticas en disciplinas como poes\u00eda, pintura, escultura, cuento corto, canto y danza, fortaleciendo la identidad, la creatividad y el trabajo en equipo.<\/p>\n\n\n\n<p>En la edici\u00f3n 2025, la estudiante Dayana Le\u00f3n Guti\u00e9rrez, del Plantel 08 Apetatitl\u00e1n, obtuvo el tercer lugar nacional en la categor\u00eda de poes\u00eda.<\/p>\n\n\n\n<p>La delegaci\u00f3n tlaxcalteca tambi\u00e9n particip\u00f3 en diversas disciplinas con los estudiantes Francisco Cervantes Barranco (canto) y Cristian Guerrero Flores (pintura), del plantel 08 Apetatitl\u00e1n; Hern\u00e1n Hern\u00e1ndez Hern\u00e1ndez (escultura), del plantel 01 Tequexquitla; Esmeralda Zurita Alonso (dibujo), del plantel 14 San Isidro; Diane Galilea Romero (cuento corto), del EMSaD Cuaula; y Gabriela Jaqueline S\u00e1nchez (declamaci\u00f3n), del plantel 16 Tlaltelulco.<\/p>\n\n\n\n<p>Asimismo, la escolta del Plantel 05 Zacatelco integrada por Ariana Loaiza Fern\u00e1ndez, Karla Salazar M\u00e1rquez, Arleth Carro Garc\u00eda, Abhryl Denisse Cisneros, Lynda S\u00e1nchez Zaleta, Paola Cante Portillo y Mirary Mendoza Flores, represent\u00f3 a Tlaxcala en las actividades c\u00edvicas.<\/p>\n\n\n\n<p>El CECyTE\u2013EMSaD Tlaxcala destac\u00f3 que ser sede del festival en 2026 es una oportunidad para proyectar la riqueza cultural del estado y su hospitalidad, as\u00ed como para consolidar su compromiso con la educaci\u00f3n art\u00edstica y la formaci\u00f3n integral de las y los j\u00f3venes.<\/p>\n\n\n\n<p>\u201cCada estudiante que participa en este festival lleva consigo el coraz\u00f3n de su comunidad. Tlaxcala abrir\u00e1 sus puertas al arte y la cultura de todo el pa\u00eds, para seguir construyendo una juventud creativa, orgullosa y solidaria\u201d, expres\u00f3 Mora Olvera.<\/p>\n\n\n\n<p>Con este reconocimiento, Tlaxcala se consolida como referente nacional en la promoci\u00f3n del arte y la cultura entre la juventud, y como un ejemplo del impulso que el subsistema brinda al talento art\u00edstico como parte esencial del bienestar educativo.<\/p>\n","protected":false},"excerpt":{"rendered":"<p>\u2022&nbsp;&nbsp;&nbsp;&nbsp;&nbsp;&nbsp;&nbsp;&nbsp;&nbsp; La delegaci\u00f3n tlaxcalteca destac\u00f3 en la edici\u00f3n 2025 con un tercer lugar nacional en poes\u00eda Tlaxcala fue designada como la pr\u00f3xima sede del Festival Nacional de Arte y Cultura de los CECyTE 2026, tras la destacada participaci\u00f3n de su delegaci\u00f3n en la edici\u00f3n 2025 celebrada en Bah\u00eda de Banderas, Nayarit, donde estudiantes del subsistema [&hellip;]<\/p>\n","protected":false},"author":4,"featured_media":99212,"comment_status":"open","ping_status":"open","sticky":false,"template":"","format":"standard","meta":{"om_disable_all_campaigns":false,"_monsterinsights_skip_tracking":false,"_monsterinsights_sitenote_active":false,"_monsterinsights_sitenote_note":"","_monsterinsights_sitenote_category":0,"jnews-multi-image_gallery":[],"jnews_single_post":{"format":"standard"},"jnews_primary_category":[],"footnotes":""},"categories":[1],"tags":[],"class_list":["post-99211","post","type-post","status-publish","format-standard","has-post-thumbnail","hentry","category-uncategorized"],"aioseo_notices":[],"_links":{"self":[{"href":"https:\/\/estado29.mx\/index.php?rest_route=\/wp\/v2\/posts\/99211","targetHints":{"allow":["GET"]}}],"collection":[{"href":"https:\/\/estado29.mx\/index.php?rest_route=\/wp\/v2\/posts"}],"about":[{"href":"https:\/\/estado29.mx\/index.php?rest_route=\/wp\/v2\/types\/post"}],"author":[{"embeddable":true,"href":"https:\/\/estado29.mx\/index.php?rest_route=\/wp\/v2\/users\/4"}],"replies":[{"embeddable":true,"href":"https:\/\/estado29.mx\/index.php?rest_route=%2Fwp%2Fv2%2Fcomments&post=99211"}],"version-history":[{"count":1,"href":"https:\/\/estado29.mx\/index.php?rest_route=\/wp\/v2\/posts\/99211\/revisions"}],"predecessor-version":[{"id":99213,"href":"https:\/\/estado29.mx\/index.php?rest_route=\/wp\/v2\/posts\/99211\/revisions\/99213"}],"wp:featuredmedia":[{"embeddable":true,"href":"https:\/\/estado29.mx\/index.php?rest_route=\/wp\/v2\/media\/99212"}],"wp:attachment":[{"href":"https:\/\/estado29.mx\/index.php?rest_route=%2Fwp%2Fv2%2Fmedia&parent=99211"}],"wp:term":[{"taxonomy":"category","embeddable":true,"href":"https:\/\/estado29.mx\/index.php?rest_route=%2Fwp%2Fv2%2Fcategories&post=99211"},{"taxonomy":"post_tag","embeddable":true,"href":"https:\/\/estado29.mx\/index.php?rest_route=%2Fwp%2Fv2%2Ftags&post=99211"}],"curies":[{"name":"wp","href":"https:\/\/api.w.org\/{rel}","templated":true}]}}