{"id":99214,"date":"2025-11-03T07:45:16","date_gmt":"2025-11-03T13:45:16","guid":{"rendered":"https:\/\/estado29.mx\/?p=99214"},"modified":"2025-11-03T13:31:40","modified_gmt":"2025-11-03T19:31:40","slug":"tlaxcala-brilla-en-el-grand-prix-de-luchas-asociadas-con-seis-medallas","status":"publish","type":"post","link":"https:\/\/estado29.mx\/?p=99214","title":{"rendered":"Tlaxcala brilla en el Grand Prix de luchas asociadas con seis medallas"},"content":{"rendered":"\n<p><\/p>\n\n\n\n<p>* En el encuentro, celebrado en Oaxtepec, Morelos, la delegaci\u00f3n estatal consolid\u00f3 su presencia en el panorama nacional rumbo a competencias internacionales<\/p>\n\n\n\n<p>Tlaxcala celebra con orgullo los logros de su juventud en el Grand Prix \u201cTodos Somos Estrellas\u201d de Luchas Asociadas, realizado en Oaxtepec, Morelos, donde la delegaci\u00f3n estatal sum\u00f3 seis preseas en distintas categor\u00edas, consolidando su presencia en el panorama nacional rumbo a competencias internacionales.<\/p>\n\n\n\n<p>El joven Rodrigo Cano Ju\u00e1rez se alz\u00f3 con la medalla de oro en la categor\u00eda 32 kg U13; Jotshua Pacheco Ponce logr\u00f3 plata en la categoria 86 kg U20; y Jorge Garc\u00eda, bronce en la categor\u00eda 74 kg U20.<\/p>\n\n\n\n<p>Tambi\u00e9n tuvieron participaci\u00f3n, y se enfrentaron a luchadores de otros estados, Daniel Romero Ju\u00e1rez, 57kg U15; Angel Capilla Rodr\u00edguez, 38 kg U13; y Yovani Ponce Chantes, 71 kg U17.<\/p>\n\n\n\n<p>Por su parte, la selecci\u00f3n femenil de Tlaxcala tambi\u00e9n tuvo una destacada participaci\u00f3n, obteniendo tres medallas m\u00e1s: Ivanna L\u00f3pez Rodr\u00edguez, consigui\u00f3 plata en categor\u00eda U20, 57 kg; Abril Nari\u00f1o Garc\u00eda Garc\u00eda, plata en categor\u00eda U17, 72 kg; y Dana Medina Arellanos, bronce en categor\u00eda U20, 53 kg.<\/p>\n\n\n\n<p>Adem\u00e1s, destacaron las atletas Amairani Potrero Ju\u00e1rez (4.\u00ba lugar en 50 kg U20), Renata Tezmol Moreno (5.\u00ba lugar en 50 kg U20) y Mariana Mart\u00ednez Rosas (participante en 57 kg U17), quienes mostraron gran entrega y compromiso.<\/p>\n\n\n\n<p>Este certamen es clasificatorio para integrar las selecciones nacionales rumbo a los Juegos Centroamericanos y del Caribe Santo Domingo 2026, y los Juegos Ol\u00edmpicos de la Juventud Dakar 2026.<\/p>\n\n\n\n<p>La gobernadora&nbsp; Lorena Cu\u00e9llar Cisneros expres\u00f3 su reconocimiento a las y los atletas que pusieron el nombre de Tlaxcala en alto.<\/p>\n\n\n\n<p>\u201cEstos triunfos son reflejo del esfuerzo, la disciplina y el amor por Tlaxcala. Cada medalla representa el compromiso de nuestras juventudes con el deporte y con su estado\u201d, afirm\u00f3.<\/p>\n\n\n\n<p>Con este resultados, Tlaxcala reafirma su compromiso con el impulso al deporte como herramienta de transformaci\u00f3n social, formaci\u00f3n de valores y orgullo colectivo.<\/p>\n","protected":false},"excerpt":{"rendered":"<p>* En el encuentro, celebrado en Oaxtepec, Morelos, la delegaci\u00f3n estatal consolid\u00f3 su presencia en el panorama nacional rumbo a competencias internacionales Tlaxcala celebra con orgullo los logros de su juventud en el Grand Prix \u201cTodos Somos Estrellas\u201d de Luchas Asociadas, realizado en Oaxtepec, Morelos, donde la delegaci\u00f3n estatal sum\u00f3 seis preseas en distintas categor\u00edas, [&hellip;]<\/p>\n","protected":false},"author":4,"featured_media":99215,"comment_status":"open","ping_status":"open","sticky":false,"template":"","format":"standard","meta":{"om_disable_all_campaigns":false,"_monsterinsights_skip_tracking":false,"_monsterinsights_sitenote_active":false,"_monsterinsights_sitenote_note":"","_monsterinsights_sitenote_category":0,"jnews-multi-image_gallery":[],"jnews_single_post":{"format":"standard"},"jnews_primary_category":[],"footnotes":""},"categories":[1],"tags":[],"class_list":["post-99214","post","type-post","status-publish","format-standard","has-post-thumbnail","hentry","category-uncategorized"],"aioseo_notices":[],"_links":{"self":[{"href":"https:\/\/estado29.mx\/index.php?rest_route=\/wp\/v2\/posts\/99214","targetHints":{"allow":["GET"]}}],"collection":[{"href":"https:\/\/estado29.mx\/index.php?rest_route=\/wp\/v2\/posts"}],"about":[{"href":"https:\/\/estado29.mx\/index.php?rest_route=\/wp\/v2\/types\/post"}],"author":[{"embeddable":true,"href":"https:\/\/estado29.mx\/index.php?rest_route=\/wp\/v2\/users\/4"}],"replies":[{"embeddable":true,"href":"https:\/\/estado29.mx\/index.php?rest_route=%2Fwp%2Fv2%2Fcomments&post=99214"}],"version-history":[{"count":1,"href":"https:\/\/estado29.mx\/index.php?rest_route=\/wp\/v2\/posts\/99214\/revisions"}],"predecessor-version":[{"id":99216,"href":"https:\/\/estado29.mx\/index.php?rest_route=\/wp\/v2\/posts\/99214\/revisions\/99216"}],"wp:featuredmedia":[{"embeddable":true,"href":"https:\/\/estado29.mx\/index.php?rest_route=\/wp\/v2\/media\/99215"}],"wp:attachment":[{"href":"https:\/\/estado29.mx\/index.php?rest_route=%2Fwp%2Fv2%2Fmedia&parent=99214"}],"wp:term":[{"taxonomy":"category","embeddable":true,"href":"https:\/\/estado29.mx\/index.php?rest_route=%2Fwp%2Fv2%2Fcategories&post=99214"},{"taxonomy":"post_tag","embeddable":true,"href":"https:\/\/estado29.mx\/index.php?rest_route=%2Fwp%2Fv2%2Ftags&post=99214"}],"curies":[{"name":"wp","href":"https:\/\/api.w.org\/{rel}","templated":true}]}}