{"id":99252,"date":"2025-11-05T11:10:16","date_gmt":"2025-11-05T17:10:16","guid":{"rendered":"https:\/\/estado29.mx\/?p=99252"},"modified":"2025-11-05T11:10:17","modified_gmt":"2025-11-05T17:10:17","slug":"animalistas-evidencian-maltrato-animal-en-la-feria-de-tlaxcala","status":"publish","type":"post","link":"https:\/\/estado29.mx\/?p=99252","title":{"rendered":"Animalistas evidencian maltrato animal en la feria de Tlaxcala."},"content":{"rendered":"\n<p>Paco Ugarte.<\/p>\n\n\n\n<p>Ambientalistas del estado de Tlaxcala as\u00ed como el Observatorio Ciudadano de Protecci\u00f3n Animal (OCPA), han denunciado p\u00fablicamente el uso de ponis para cargar adolescentes de alrededor de 15 a\u00f1os en actividades recreativas dentro de la Feria de Tlaxcala 2025.<\/p>\n\n\n\n<p>Jorge Mart\u00ednez Castro, representante del OCPA, se\u00f1al\u00f3 que de acuerdo con dicha ley, se proh\u00edbe someter a los animales de trabajo a cargas excesivas o usos que comprometan su salud y bienestar, as\u00ed como utilizar animales en ferias o espect\u00e1culos sin garantizar condiciones adecuadas de descanso y cuidado.&nbsp;<\/p>\n\n\n\n<p>El OCPA se\u00f1ala que, aunque las personas que montan a los ponis son menores de edad, su complexi\u00f3n y peso son equivalentes a los de adultos j\u00f3venes, lo que supera las capacidades f\u00edsicas de estos animales y podr\u00eda provocarles lesiones o agotamiento.<\/p>\n\n\n\n<p>Ante estos hechos, el Observatorio solicita de manera p\u00fablica la intervenci\u00f3n inmediata de la Procuradur\u00eda de Protecci\u00f3n al Ambiente del Estado de Tlaxcala (PROPAET), autoridad competente para imponer sanciones administrativas conforme al Art\u00edculo 202 de la citada ley.<\/p>\n","protected":false},"excerpt":{"rendered":"<p>Paco Ugarte. Ambientalistas del estado de Tlaxcala as\u00ed como el Observatorio Ciudadano de Protecci\u00f3n Animal (OCPA), han denunciado p\u00fablicamente el uso de ponis para cargar adolescentes de alrededor de 15 a\u00f1os en actividades recreativas dentro de la Feria de Tlaxcala 2025. Jorge Mart\u00ednez Castro, representante del OCPA, se\u00f1al\u00f3 que de acuerdo con dicha ley, se [&hellip;]<\/p>\n","protected":false},"author":5,"featured_media":99253,"comment_status":"open","ping_status":"open","sticky":false,"template":"","format":"standard","meta":{"om_disable_all_campaigns":false,"_monsterinsights_skip_tracking":false,"_monsterinsights_sitenote_active":false,"_monsterinsights_sitenote_note":"","_monsterinsights_sitenote_category":0,"jnews-multi-image_gallery":[],"jnews_single_post":{"format":"standard"},"jnews_primary_category":[],"footnotes":""},"categories":[1],"tags":[],"class_list":["post-99252","post","type-post","status-publish","format-standard","has-post-thumbnail","hentry","category-uncategorized"],"aioseo_notices":[],"_links":{"self":[{"href":"https:\/\/estado29.mx\/index.php?rest_route=\/wp\/v2\/posts\/99252","targetHints":{"allow":["GET"]}}],"collection":[{"href":"https:\/\/estado29.mx\/index.php?rest_route=\/wp\/v2\/posts"}],"about":[{"href":"https:\/\/estado29.mx\/index.php?rest_route=\/wp\/v2\/types\/post"}],"author":[{"embeddable":true,"href":"https:\/\/estado29.mx\/index.php?rest_route=\/wp\/v2\/users\/5"}],"replies":[{"embeddable":true,"href":"https:\/\/estado29.mx\/index.php?rest_route=%2Fwp%2Fv2%2Fcomments&post=99252"}],"version-history":[{"count":1,"href":"https:\/\/estado29.mx\/index.php?rest_route=\/wp\/v2\/posts\/99252\/revisions"}],"predecessor-version":[{"id":99254,"href":"https:\/\/estado29.mx\/index.php?rest_route=\/wp\/v2\/posts\/99252\/revisions\/99254"}],"wp:featuredmedia":[{"embeddable":true,"href":"https:\/\/estado29.mx\/index.php?rest_route=\/wp\/v2\/media\/99253"}],"wp:attachment":[{"href":"https:\/\/estado29.mx\/index.php?rest_route=%2Fwp%2Fv2%2Fmedia&parent=99252"}],"wp:term":[{"taxonomy":"category","embeddable":true,"href":"https:\/\/estado29.mx\/index.php?rest_route=%2Fwp%2Fv2%2Fcategories&post=99252"},{"taxonomy":"post_tag","embeddable":true,"href":"https:\/\/estado29.mx\/index.php?rest_route=%2Fwp%2Fv2%2Ftags&post=99252"}],"curies":[{"name":"wp","href":"https:\/\/api.w.org\/{rel}","templated":true}]}}