{"id":99261,"date":"2025-11-06T07:14:49","date_gmt":"2025-11-06T13:14:49","guid":{"rendered":"https:\/\/estado29.mx\/?p=99261"},"modified":"2025-11-06T07:14:51","modified_gmt":"2025-11-06T13:14:51","slug":"tlaxcala-presente-en-encuentro-internacional-de-ministros-de-educacion-en-jalisco","status":"publish","type":"post","link":"https:\/\/estado29.mx\/?p=99261","title":{"rendered":"Tlaxcala, presente en encuentro internacional de ministros de educaci\u00f3n, en Jalisco"},"content":{"rendered":"\n<p><\/p>\n\n\n\n<p>\u2022&nbsp;&nbsp;&nbsp;&nbsp;&nbsp;&nbsp;&nbsp;&nbsp;&nbsp; Con la representaci\u00f3n del titular de la SEPE-USET, Homero Meneses Hern\u00e1ndez, el estado particip\u00f3 en el di\u00e1logo internacional que busca fortalecer la calidad educativa y el desarrollo integral de las y los estudiantes en Am\u00e9rica Latina<\/p>\n\n\n\n<p>Tlaxcala fue parte del \u201cQuinto Encuentro en Foco de la Comunidad Araucaria\u201d, que reuni\u00f3 a 14 ministros y secretarios de Educaci\u00f3n de Am\u00e9rica Latina para intercambiar experiencias y fortalecer estrategias de transformaci\u00f3n educativa.<\/p>\n\n\n\n<p>El titular de la Secretar\u00eda de Educaci\u00f3n P\u00fablica del Estado y de la Unidad de Servicios Educativos de Tlaxcala (SEPE\u2013USET), Homero Meneses Hern\u00e1ndez, represent\u00f3 a la entidad en este foro internacional, celebrado los d\u00edas 3 y 4 de noviembre en la ciudad de Guadalajara.<\/p>\n\n\n\n<p>El encuentro, organizado por Comunidad Araucaria -una red creada por Fundaci\u00f3n Varkey que agrupa a l\u00edderes educativos nacionales y subnacionales de la regi\u00f3n-, tuvo como eje tem\u00e1tico las pol\u00edticas educativas vinculadas con la educaci\u00f3n del car\u00e1cter, un modelo que promueve el desarrollo integral de las y los estudiantes.<\/p>\n\n\n\n<p>Durante la jornada, los participantes sostuvieron reuniones con autoridades locales, as\u00ed como visitas a escuelas, universidades y espacios de articulaci\u00f3n con la sociedad civil, con el prop\u00f3sito de intercambiar buenas pr\u00e1cticas, analizar desaf\u00edos comunes y fortalecer la cooperaci\u00f3n educativa latinoamericana.<\/p>\n\n\n\n<p>Esta edici\u00f3n fue coordinada por la Fundaci\u00f3n Varkey y la Secretar\u00eda de Educaci\u00f3n de Guadalajara, con el apoyo de la Fundaci\u00f3n Coppel, Universidad UNIR, Fundaci\u00f3n Lemann y el Centro de Car\u00e1cter y Liderazgo Dandelion.<\/p>\n\n\n\n<p>El secretario de Educaci\u00f3n de Jalisco, Juan Carlos Flores Miramontes, destac\u00f3 que el encuentro representa \u201cuna gran oportunidad para reflexionar sobre los desaf\u00edos compartidos en la regi\u00f3n, como el fortalecimiento de la educaci\u00f3n p\u00fablica, la infraestructura escolar, la calidad educativa y el financiamiento sostenible de las pol\u00edticas educativas\u201d.<\/p>\n\n\n\n<p>Por su parte, Agust\u00edn Porres, director regional de Fundaci\u00f3n Varkey y l\u00edder de la Comunidad Araucaria, subray\u00f3 que \u201cel rol de los ministros y secretarios de Educaci\u00f3n en Am\u00e9rica Latina exige liderazgo t\u00e9cnico y pol\u00edtico para impulsar procesos de transformaci\u00f3n en tiempos complejos, siempre poniendo a las personas en el centro\u201d.<\/p>\n\n\n\n<p>La Comunidad Araucaria se ha consolidado como una plataforma de di\u00e1logo entre responsables de pol\u00edticas p\u00fablicas educativas en Am\u00e9rica Latina. A lo largo de sus tres a\u00f1os de existencia, se reuni\u00f3 en Jalisco para su quinta experiencia focal, tras haber realizado encuentros en Argentina, Brasil, Chile y M\u00e9xico, consolid\u00e1ndose como un espacio para inspirar, conectar y transformar la educaci\u00f3n en la regi\u00f3n.<\/p>\n","protected":false},"excerpt":{"rendered":"<p>\u2022&nbsp;&nbsp;&nbsp;&nbsp;&nbsp;&nbsp;&nbsp;&nbsp;&nbsp; Con la representaci\u00f3n del titular de la SEPE-USET, Homero Meneses Hern\u00e1ndez, el estado particip\u00f3 en el di\u00e1logo internacional que busca fortalecer la calidad educativa y el desarrollo integral de las y los estudiantes en Am\u00e9rica Latina Tlaxcala fue parte del \u201cQuinto Encuentro en Foco de la Comunidad Araucaria\u201d, que reuni\u00f3 a 14 ministros y [&hellip;]<\/p>\n","protected":false},"author":4,"featured_media":99262,"comment_status":"open","ping_status":"open","sticky":false,"template":"","format":"standard","meta":{"om_disable_all_campaigns":false,"_monsterinsights_skip_tracking":false,"_monsterinsights_sitenote_active":false,"_monsterinsights_sitenote_note":"","_monsterinsights_sitenote_category":0,"jnews-multi-image_gallery":[],"jnews_single_post":{"format":"standard"},"jnews_primary_category":[],"footnotes":""},"categories":[1],"tags":[],"class_list":["post-99261","post","type-post","status-publish","format-standard","has-post-thumbnail","hentry","category-uncategorized"],"aioseo_notices":[],"_links":{"self":[{"href":"https:\/\/estado29.mx\/index.php?rest_route=\/wp\/v2\/posts\/99261","targetHints":{"allow":["GET"]}}],"collection":[{"href":"https:\/\/estado29.mx\/index.php?rest_route=\/wp\/v2\/posts"}],"about":[{"href":"https:\/\/estado29.mx\/index.php?rest_route=\/wp\/v2\/types\/post"}],"author":[{"embeddable":true,"href":"https:\/\/estado29.mx\/index.php?rest_route=\/wp\/v2\/users\/4"}],"replies":[{"embeddable":true,"href":"https:\/\/estado29.mx\/index.php?rest_route=%2Fwp%2Fv2%2Fcomments&post=99261"}],"version-history":[{"count":1,"href":"https:\/\/estado29.mx\/index.php?rest_route=\/wp\/v2\/posts\/99261\/revisions"}],"predecessor-version":[{"id":99263,"href":"https:\/\/estado29.mx\/index.php?rest_route=\/wp\/v2\/posts\/99261\/revisions\/99263"}],"wp:featuredmedia":[{"embeddable":true,"href":"https:\/\/estado29.mx\/index.php?rest_route=\/wp\/v2\/media\/99262"}],"wp:attachment":[{"href":"https:\/\/estado29.mx\/index.php?rest_route=%2Fwp%2Fv2%2Fmedia&parent=99261"}],"wp:term":[{"taxonomy":"category","embeddable":true,"href":"https:\/\/estado29.mx\/index.php?rest_route=%2Fwp%2Fv2%2Fcategories&post=99261"},{"taxonomy":"post_tag","embeddable":true,"href":"https:\/\/estado29.mx\/index.php?rest_route=%2Fwp%2Fv2%2Ftags&post=99261"}],"curies":[{"name":"wp","href":"https:\/\/api.w.org\/{rel}","templated":true}]}}