{"id":99316,"date":"2025-11-10T23:07:51","date_gmt":"2025-11-11T05:07:51","guid":{"rendered":"https:\/\/estado29.mx\/?p=99316"},"modified":"2025-11-10T23:07:51","modified_gmt":"2025-11-11T05:07:51","slug":"ayuntamiento-de-tlaxcala-y-uatx-fortalecen-la-cultura-con-el-certamen-nacional-de-tunas","status":"publish","type":"post","link":"https:\/\/estado29.mx\/?p=99316","title":{"rendered":"Ayuntamiento de Tlaxcala y UATx fortalecen la cultura con el certamen Nacional de Tunas"},"content":{"rendered":"<figure class=\"wp-block-post-featured-image\"><img loading=\"lazy\" decoding=\"async\" width=\"1320\" height=\"881\" src=\"https:\/\/estado29.mx\/wp-content\/uploads\/2025\/11\/IMG-20251110-WA0466.jpg\" class=\"attachment-post-thumbnail size-post-thumbnail wp-post-image\" alt=\"\" style=\"object-fit:cover;\" srcset=\"https:\/\/estado29.mx\/wp-content\/uploads\/2025\/11\/IMG-20251110-WA0466.jpg 1320w, https:\/\/estado29.mx\/wp-content\/uploads\/2025\/11\/IMG-20251110-WA0466-300x200.jpg 300w, https:\/\/estado29.mx\/wp-content\/uploads\/2025\/11\/IMG-20251110-WA0466-1024x683.jpg 1024w, https:\/\/estado29.mx\/wp-content\/uploads\/2025\/11\/IMG-20251110-WA0466-768x513.jpg 768w, https:\/\/estado29.mx\/wp-content\/uploads\/2025\/11\/IMG-20251110-WA0466-750x501.jpg 750w, https:\/\/estado29.mx\/wp-content\/uploads\/2025\/11\/IMG-20251110-WA0466-1140x761.jpg 1140w\" sizes=\"auto, (max-width: 1320px) 100vw, 1320px\" \/><\/figure>\n\n\n<p>El evento tendr\u00e1 lugar el 15 y 16 de noviembre en la Plaza de la Constituci\u00f3n_El Gobierno Municipal de Tlaxcala invita al p\u00fablico en general a disfrutar del Certamen Nacional de Tunas Universitarias \u201cTlaxcallan 2025\u201d, un encuentro que promete llenar de m\u00fasica y color el coraz\u00f3n de la ciudad durante el pr\u00f3ximo fin de semana.El evento es organizado por la Tuna de la Universidad Aut\u00f3noma de Tlaxcala (UAT), en el marco de su XVII aniversario, y como parte de los festejos por los 500 a\u00f1os de la fundaci\u00f3n de la ciudad de Tlaxcala, con el respaldo de la administraci\u00f3n que encabeza el alcalde Alfonso S\u00e1nchez Garc\u00eda, a trav\u00e9s del Departamento de Turismo.<\/p>\n\n\n\n<p>Las actividades se llevar\u00e1n a cabo los d\u00edas s\u00e1bado 15 y domingo 16 de noviembre en la Plaza de la Constituci\u00f3n, donde las agrupaciones participantes deleitar\u00e1n al p\u00fablico con su talento y esp\u00edritu universitario. El s\u00e1bado 15, la alegr\u00eda se desbordar\u00e1 con una callejoneada que iniciar\u00e1 a las 18:00 horas, y tendr\u00e1 como punto de partida el Ex Convento de San Francisco, para posteriormente presentar una ronda a las 19:00 horas, mientras que el domingo 16 la m\u00fasica continuar\u00e1 con un concierto de gala a las 11:00 horas, con lo que se ofrecer\u00e1 un fin de semana lleno de arte. En esta edici\u00f3n participar\u00e1n la Tuna de la Facultad de Ingenier\u00eda de la UNAM, la Tuna Femenil de la UABJO, la Tuna de la ESIQIE del IPN, la Estudiantina Verde y Oro de la UAEMex y la Tuna Femenil de la UNAM. <\/p>\n\n\n\n<p>Adem\u00e1s, se contar\u00e1 con la presencia especial de agrupaciones invitadas como la Tuna Universitarios de Morelos y la Estudiantina Amanecer, que se unir\u00e1n a esta gran celebraci\u00f3n del esp\u00edritu universitario y la m\u00fasica tradicional.<\/p>\n\n\n\n<p>Con este certamen, el Ayuntamiento de Tlaxcala ofrece espacios que fortalecen la identidad colectiva y permiten que las expresiones art\u00edsticas ampl\u00eden su difusi\u00f3n.<\/p>\n","protected":false},"excerpt":{"rendered":"<p>El evento tendr\u00e1 lugar el 15 y 16 de noviembre en la Plaza de la Constituci\u00f3n_El Gobierno Municipal de Tlaxcala invita al p\u00fablico en general a disfrutar del Certamen Nacional de Tunas Universitarias \u201cTlaxcallan 2025\u201d, un encuentro que promete llenar de m\u00fasica y color el coraz\u00f3n de la ciudad durante el pr\u00f3ximo fin de semana.El [&hellip;]<\/p>\n","protected":false},"author":9,"featured_media":99317,"comment_status":"open","ping_status":"open","sticky":false,"template":"","format":"standard","meta":{"om_disable_all_campaigns":false,"_monsterinsights_skip_tracking":false,"_monsterinsights_sitenote_active":false,"_monsterinsights_sitenote_note":"","_monsterinsights_sitenote_category":0,"jnews-multi-image_gallery":[],"jnews_single_post":{"format":"standard"},"jnews_primary_category":[],"footnotes":""},"categories":[1],"tags":[],"class_list":["post-99316","post","type-post","status-publish","format-standard","has-post-thumbnail","hentry","category-uncategorized"],"aioseo_notices":[],"_links":{"self":[{"href":"https:\/\/estado29.mx\/index.php?rest_route=\/wp\/v2\/posts\/99316","targetHints":{"allow":["GET"]}}],"collection":[{"href":"https:\/\/estado29.mx\/index.php?rest_route=\/wp\/v2\/posts"}],"about":[{"href":"https:\/\/estado29.mx\/index.php?rest_route=\/wp\/v2\/types\/post"}],"author":[{"embeddable":true,"href":"https:\/\/estado29.mx\/index.php?rest_route=\/wp\/v2\/users\/9"}],"replies":[{"embeddable":true,"href":"https:\/\/estado29.mx\/index.php?rest_route=%2Fwp%2Fv2%2Fcomments&post=99316"}],"version-history":[{"count":1,"href":"https:\/\/estado29.mx\/index.php?rest_route=\/wp\/v2\/posts\/99316\/revisions"}],"predecessor-version":[{"id":99318,"href":"https:\/\/estado29.mx\/index.php?rest_route=\/wp\/v2\/posts\/99316\/revisions\/99318"}],"wp:featuredmedia":[{"embeddable":true,"href":"https:\/\/estado29.mx\/index.php?rest_route=\/wp\/v2\/media\/99317"}],"wp:attachment":[{"href":"https:\/\/estado29.mx\/index.php?rest_route=%2Fwp%2Fv2%2Fmedia&parent=99316"}],"wp:term":[{"taxonomy":"category","embeddable":true,"href":"https:\/\/estado29.mx\/index.php?rest_route=%2Fwp%2Fv2%2Fcategories&post=99316"},{"taxonomy":"post_tag","embeddable":true,"href":"https:\/\/estado29.mx\/index.php?rest_route=%2Fwp%2Fv2%2Ftags&post=99316"}],"curies":[{"name":"wp","href":"https:\/\/api.w.org\/{rel}","templated":true}]}}